{"id":12475,"date":"2026-03-02T15:44:47","date_gmt":"2026-03-02T18:44:47","guid":{"rendered":"https:\/\/impactocastex.com.ar\/?p=12475"},"modified":"2026-03-02T15:44:47","modified_gmt":"2026-03-02T18:44:47","slug":"quien-es-maritza-lugo-fernandez-la-residente-de-miami-acusada-por-cuba-de-liderar-una-red-de-infiltracion","status":"publish","type":"post","link":"https:\/\/impactocastex.com.ar\/?p=12475","title":{"rendered":"Qui\u00e9n es Maritza Lugo Fern\u00e1ndez: la residente de Miami acusada por Cuba de liderar una red de infiltraci\u00f3n"},"content":{"rendered":"<p>El <b>r\u00e9gimen cubano se\u00f1al\u00f3 a una latina residente de Miami<\/b> como la presunta responsable y<b> autora intelectual <\/b>de un supuesto plan de infiltraci\u00f3n que termin\u00f3 con el<b> ataque a una <\/b><a href=\"https:\/\/www.lanacion.com.ar\/estados-unidos\/florida\/que-se-sabe-de-las-victimas-que-iban-en-la-lancha-de-florida-atacada-por-cuba-nid25022026\/\" target=\"_blank\" rel=\"noreferrer\" title=\"https:\/\/www.lanacion.com.ar\/estados-unidos\/florida\/que-se-sabe-de-las-victimas-que-iban-en-la-lancha-de-florida-atacada-por-cuba-nid25022026\/\"><b>lancha proveniente de Florida<\/b><\/a> a fines de febrero. Se trata de <b>Maritza Lugo Fern\u00e1ndez<\/b>, quien habr\u00eda sido imputada por los delitos de cohecho e incitaci\u00f3n.<b> <\/b><\/p>\n<h1>Qu\u00e9 dijo el r\u00e9gimen cubano sobre Maritza Lugo Fern\u00e1ndez<\/h1>\n<p>La informaci\u00f3n fue expuesta por el programa de televisi\u00f3n estatal cubana <i><b>Razones de Cuba<\/b><\/i>, citado por <a href=\"https:\/\/www.univision.com\/local\/miami-wltv\/regimen-cubano-acusa-a-una-mujer-del-sur-de-la-florida-de-planear-infiltracion-en-la-isla-video\" target=\"_self\" rel=\"\" title=\"https:\/\/www.univision.com\/local\/miami-wltv\/regimen-cubano-acusa-a-una-mujer-del-sur-de-la-florida-de-planear-infiltracion-en-la-isla-video\"><i>Univisi\u00f3n<\/i><\/a>.<b> <\/b>All\u00ed, informaron datos puntuales del operativo ocurrido en horas de la ma\u00f1ana del 25 de febrero en las inmediaciones de Cayo Falcones, municipio Corralillo.<\/p>\n<p><img loading=\"lazy\" decoding=\"async\" src=\"https:\/\/resizer.glanacion.com\/resizer\/v2\/YQQG2ZYQG5H2NCYFC46M4VWNQU.jpg?auth=658a7e6524e236e5a6922c861ee39b6af97e473a50fbc3f027cb1479d8dee3d2&amp;smart=true&amp;width=2048&amp;height=1365\" alt=\"El r\u00e9gimen cubano asegur\u00f3 que la embarcaci\u00f3n estadounidense contaba con  equipo de GPS y radionavegaci\u00f3n m\u00e1s 12.846 cartuchos\" height=\"1365\" width=\"2048\" \/><\/p>\n<p>De acuerdo con Humberto L\u00f3pez, periodista y vocero oficial del r\u00e9gimen, <b>tres de los diez ocupantes de la lancha murieron durante el intercambio de disparos<\/b>, mientras que una cuarta persona falleci\u00f3 a causa de las heridas. Asimismo, asegur\u00f3 que la embarcaci\u00f3n llevaba <b>14 fusiles, 12 pistolas, 12.846 municiones y 134 cargadores. <\/b><\/p>\n<p>Entre las personas<b> acusadas del presunto plan contra la isla<\/b> se nombr\u00f3 a una <b>residente de Miami llamada<\/b> <b>Maritza Lugo Fern\u00e1ndez<\/b>. De acuerdo con las autoridades, fue la principal <b>promotora del llamado movimiento \u201c30 de Noviembre\u201d<\/b>.<\/p>\n<p>De igual modo, tambi\u00e9n identificaron a <b>Amijail S\u00e1nchez Gonz\u00e1lez <\/b>como <b>\u201cuno de los organizadores\u201d<\/b> y asegur\u00f3 que figuraba en la \u201clista nacional de personas <b>vinculadas a actividades terroristas<\/b>\u201d. <\/p>\n<h1>Qu\u00e9 se sabe del avance de la investigaci\u00f3n <\/h1>\n<p>Como resultado del enfrentamiento, <b>seis personas sobrevivieron y permanecen bajo custodia en Cuba<\/b>. Estos enfrentan cargos por asalto a mano armada,<b> ingreso ilegal al territorio nacional <\/b>y delitos asociados con<b> actos terroristas<\/b>. Este <a href=\"https:\/\/www.unodc.org\/cld\/uploads\/res\/document\/cub\/ley-contra-actos-de-terrorismo_html\/LEY-NO.-93-CONTRA-ACTOS-DE-TERRORISMO.pdf\" target=\"_blank\" rel=\"noreferrer\" title=\"https:\/\/www.unodc.org\/cld\/uploads\/res\/document\/cub\/ley-contra-actos-de-terrorismo_html\/LEY-NO.-93-CONTRA-ACTOS-DE-TERRORISMO.pdf\">\u00faltimo delito<\/a> establece sanciones de <b>entre diez a 30 a\u00f1os de c\u00e1rcel. <\/b><\/p>\n<p><img loading=\"lazy\" decoding=\"async\" src=\"https:\/\/resizer.glanacion.com\/resizer\/v2\/RVGUZQXD2JD7VE5IFFEYQJOOMY.jpg?auth=d68eaff336f1e229bc8a9f3f0542a0e381c5ca444c85ff2194f1b2a09648ecfe&amp;smart=true&amp;width=2000&amp;height=1333\" alt=\"Los detenidos enfrentan cargos por asalto a  mano armada, ingleso ilegal al territorio nacional y delitos asociados con actos terroristas\" height=\"1333\" width=\"2000\" \/><\/p>\n<p>Estos cargos tambi\u00e9n inciden en las personas que est\u00e1n fuera de Cuba, dado que el r\u00e9gimen afirma que el operativo habr\u00eda sido financiado fuera de la isla. \u201cEstas personas tambi\u00e9n<b> podr\u00edan enfrentarse a cargos de financiaci\u00f3n del terrorismo<\/b>\u201d, dijo el <a href=\"https:\/\/x.com\/EmbaCubaUS\/status\/2027587276058874269\/photo\/1\" target=\"_blank\" rel=\"noreferrer\" title=\"https:\/\/x.com\/EmbaCubaUS\/status\/2027587276058874269\/photo\/1\">r\u00e9gimen cubano en sus redes sociales<\/a>. <\/p>\n<p>De acuerdo con las autoridades de la isla, <b>el expediente del caso ha sido recibido de manera formal por el Ministerio P\u00fablico Cubano<\/b>. Los detenidos heridos <b>han recibido atenci\u00f3n m\u00e9dica<\/b> y cuentan con un intercambio de informaci\u00f3n casi en tiempo real con las autoridades estadounidenses. <\/p>\n<p>Cabe destacar que las autoridades cubanas<b> no han entregado documentaci\u00f3n <\/b>que certifique la acusaci\u00f3n contra Lugo Fern\u00e1ndez, ni han indicado si se proceder\u00e1 con un <b>juicio en ausencia<\/b> o si solicitar\u00e1n la <b>extradici\u00f3n. <\/b><\/p>\n<h1>Qu\u00e9 sucedi\u00f3 el 25 de febrero en Cuba <\/h1>\n<p>Seg\u00fan las declaraciones del r\u00e9gimen cubano, el incidente comenz\u00f3 a las 7 hs (hora local en <a href=\"https:\/\/www.lanacion.com.ar\/estados-unidos\/noticias-de-cuba-que-se-sabe-del-canal-secreto-de-marco-rubio-con-el-nieto-de-raul-castro-y-el-pacto-nid22022026\/\" target=\"_blank\" rel=\"noreferrer\" title=\"https:\/\/www.lanacion.com.ar\/estados-unidos\/noticias-de-cuba-que-se-sabe-del-canal-secreto-de-marco-rubio-con-el-nieto-de-raul-castro-y-el-pacto-nid22022026\/\"><b>Cuba<\/b><\/a>), cuando <b>se detect\u00f3 a una lancha registrada en Florida <\/b>a tres millas n\u00e1uticas dentro de las aguas territoriales. <\/p>\n<p>El comandante militar cubano avist\u00f3 a personas en el agua que, al notar la presencia de la unidad cubana, reembarcaron y se dirigieron al oeste. Poco despu\u00e9s, <b>cuando la unidad cubana se acerc\u00f3, habr\u00eda sido atacada a disparos<\/b>, seg\u00fan consign\u00f3 la Embajada de Cuba en Estados Unidos. <\/p>\n<p><img loading=\"lazy\" decoding=\"async\" src=\"https:\/\/resizer.glanacion.com\/resizer\/v2\/SCTIUR6WKVBMZB3HANOCHKGBKY.jpg?auth=2cc4622c1a8f8a3b97b12599322418a332ef65eba7a097fd046bd02e97a6dd95&amp;smart=true&amp;width=2000&amp;height=1333\" alt=\"El r\u00e9gimen cubano asegur\u00f3 que la unidad estadounidense iniciaron los disparos\" height=\"1333\" width=\"2000\" \/><\/p>\n<p>Como respuesta al ataque,<b> la tripulaci\u00f3n cubana<\/b>, compuesta por cinco combatientes,<b> respondi\u00f3 al fuego<\/b>. En el intercambio,<b> tres de los diez ocupantes de la embarcaci\u00f3n proveniente de Florida murieron. <\/b><\/p>\n<p>Horas despu\u00e9s del incidente, <b>Marco Rubio, el secretario de Estado, detall\u00f3 que todav\u00eda desconoc\u00edan muchos detalles<\/b> del incidente y que Estados Unidos responder\u00eda basado al hecho en su propia investigaci\u00f3n. <b>\u201cNo vamos a actuar basados en lo que nos diga otra persona\u201d<\/b>, indic\u00f3.<\/p>\n<p>\u200bUna mujer de Miami fue se\u00f1alada por Cuba de planear una infiltraci\u00f3n en la isla, seg\u00fan el programa estatal \u201cRazones de Cuba\u201d. Esto es lo que se sabe sobre su identidad y las acusaciones\u00a0\u00a0<\/p>","protected":false},"excerpt":{"rendered":"<p>El r\u00e9gimen cubano se\u00f1al\u00f3 a una latina residente de Miami como la presunta responsable y&#8230;<\/p>\n","protected":false},"author":1,"featured_media":12476,"comment_status":"closed","ping_status":"closed","sticky":false,"template":"","format":"standard","meta":{"_jetpack_memberships_contains_paid_content":false,"footnotes":"","jetpack_publicize_message":"","jetpack_publicize_feature_enabled":true,"jetpack_social_post_already_shared":true,"jetpack_social_options":{"image_generator_settings":{"template":"highway","default_image_id":0,"font":"","enabled":false},"version":2}},"categories":[89],"tags":[],"class_list":["post-12475","post","type-post","status-publish","format-standard","has-post-thumbnail","hentry","category-nacionales"],"yoast_head":"<!-- This site is optimized with the Yoast SEO plugin v27.4 - https:\/\/yoast.com\/product\/yoast-seo-wordpress\/ -->\n<title>Qui\u00e9n es Maritza Lugo Fern\u00e1ndez: la residente de Miami acusada por Cuba de liderar una red de infiltraci\u00f3n -<\/title>\n<meta name=\"robots\" content=\"index, follow, max-snippet:-1, max-image-preview:large, max-video-preview:-1\" \/>\n<link rel=\"canonical\" href=\"https:\/\/impactocastex.com.ar\/?p=12475\" \/>\n<meta property=\"og:locale\" content=\"es_ES\" \/>\n<meta property=\"og:type\" content=\"article\" \/>\n<meta property=\"og:title\" content=\"Qui\u00e9n es Maritza Lugo Fern\u00e1ndez: la residente de Miami acusada por Cuba de liderar una red de infiltraci\u00f3n -\" \/>\n<meta property=\"og:description\" content=\"El r\u00e9gimen cubano se\u00f1al\u00f3 a una latina residente de Miami como la presunta responsable y...\" \/>\n<meta property=\"og:url\" content=\"https:\/\/impactocastex.com.ar\/?p=12475\" \/>\n<meta property=\"article:publisher\" content=\"https:\/\/www.facebook.com\/impactocastexdiario\" \/>\n<meta property=\"article:published_time\" content=\"2026-03-02T18:44:47+00:00\" \/>\n<meta property=\"og:image\" content=\"https:\/\/resizer.glanacion.com\/resizer\/v2\/YQQG2ZYQG5H2NCYFC46M4VWNQU.jpg?auth=658a7e6524e236e5a6922c861ee39b6af97e473a50fbc3f027cb1479d8dee3d2&amp;smart=true&amp;width=2048&amp;height=1365\" \/>\n<meta name=\"author\" content=\"impactocastex\" \/>\n<meta name=\"twitter:card\" content=\"summary_large_image\" \/>\n<meta name=\"twitter:label1\" content=\"Escrito por\" \/>\n\t<meta name=\"twitter:data1\" content=\"impactocastex\" \/>\n\t<meta name=\"twitter:label2\" content=\"Tiempo de lectura\" \/>\n\t<meta name=\"twitter:data2\" content=\"3 minutos\" \/>\n<script type=\"application\/ld+json\" class=\"yoast-schema-graph\">{\"@context\":\"https:\\\/\\\/schema.org\",\"@graph\":[{\"@type\":\"Article\",\"@id\":\"https:\\\/\\\/impactocastex.com.ar\\\/?p=12475#article\",\"isPartOf\":{\"@id\":\"https:\\\/\\\/impactocastex.com.ar\\\/?p=12475\"},\"author\":{\"name\":\"impactocastex\",\"@id\":\"https:\\\/\\\/impactocastex.com.ar\\\/#\\\/schema\\\/person\\\/86cb4f827fb5f87869a239b98a69c6e3\"},\"headline\":\"Qui\u00e9n es Maritza Lugo Fern\u00e1ndez: la residente de Miami acusada por Cuba de liderar una red de infiltraci\u00f3n\",\"datePublished\":\"2026-03-02T18:44:47+00:00\",\"mainEntityOfPage\":{\"@id\":\"https:\\\/\\\/impactocastex.com.ar\\\/?p=12475\"},\"wordCount\":660,\"publisher\":{\"@id\":\"https:\\\/\\\/impactocastex.com.ar\\\/#organization\"},\"image\":{\"@id\":\"https:\\\/\\\/impactocastex.com.ar\\\/?p=12475#primaryimage\"},\"thumbnailUrl\":\"https:\\\/\\\/impactocastex.com.ar\\\/wp-content\\\/uploads\\\/2026\\\/03\\\/4PCPWGRKCFDAFKXEB34RFRQVKE-MB0qEa.jpg\",\"articleSection\":[\"NACIONALES\"],\"inLanguage\":\"es\"},{\"@type\":\"WebPage\",\"@id\":\"https:\\\/\\\/impactocastex.com.ar\\\/?p=12475\",\"url\":\"https:\\\/\\\/impactocastex.com.ar\\\/?p=12475\",\"name\":\"Qui\u00e9n es Maritza Lugo Fern\u00e1ndez: la residente de Miami acusada por Cuba de liderar una red de infiltraci\u00f3n -\",\"isPartOf\":{\"@id\":\"https:\\\/\\\/impactocastex.com.ar\\\/#website\"},\"primaryImageOfPage\":{\"@id\":\"https:\\\/\\\/impactocastex.com.ar\\\/?p=12475#primaryimage\"},\"image\":{\"@id\":\"https:\\\/\\\/impactocastex.com.ar\\\/?p=12475#primaryimage\"},\"thumbnailUrl\":\"https:\\\/\\\/impactocastex.com.ar\\\/wp-content\\\/uploads\\\/2026\\\/03\\\/4PCPWGRKCFDAFKXEB34RFRQVKE-MB0qEa.jpg\",\"datePublished\":\"2026-03-02T18:44:47+00:00\",\"breadcrumb\":{\"@id\":\"https:\\\/\\\/impactocastex.com.ar\\\/?p=12475#breadcrumb\"},\"inLanguage\":\"es\",\"potentialAction\":[{\"@type\":\"ReadAction\",\"target\":[\"https:\\\/\\\/impactocastex.com.ar\\\/?p=12475\"]}]},{\"@type\":\"ImageObject\",\"inLanguage\":\"es\",\"@id\":\"https:\\\/\\\/impactocastex.com.ar\\\/?p=12475#primaryimage\",\"url\":\"https:\\\/\\\/impactocastex.com.ar\\\/wp-content\\\/uploads\\\/2026\\\/03\\\/4PCPWGRKCFDAFKXEB34RFRQVKE-MB0qEa.jpg\",\"contentUrl\":\"https:\\\/\\\/impactocastex.com.ar\\\/wp-content\\\/uploads\\\/2026\\\/03\\\/4PCPWGRKCFDAFKXEB34RFRQVKE-MB0qEa.jpg\",\"width\":2000,\"height\":1333},{\"@type\":\"BreadcrumbList\",\"@id\":\"https:\\\/\\\/impactocastex.com.ar\\\/?p=12475#breadcrumb\",\"itemListElement\":[{\"@type\":\"ListItem\",\"position\":1,\"name\":\"Portada\",\"item\":\"https:\\\/\\\/impactocastex.com.ar\\\/\"},{\"@type\":\"ListItem\",\"position\":2,\"name\":\"Qui\u00e9n es Maritza Lugo Fern\u00e1ndez: la residente de Miami acusada por Cuba de liderar una red de infiltraci\u00f3n\"}]},{\"@type\":\"WebSite\",\"@id\":\"https:\\\/\\\/impactocastex.com.ar\\\/#website\",\"url\":\"https:\\\/\\\/impactocastex.com.ar\\\/\",\"name\":\"Impacto Castex\",\"description\":\"\",\"publisher\":{\"@id\":\"https:\\\/\\\/impactocastex.com.ar\\\/#organization\"},\"potentialAction\":[{\"@type\":\"SearchAction\",\"target\":{\"@type\":\"EntryPoint\",\"urlTemplate\":\"https:\\\/\\\/impactocastex.com.ar\\\/?s={search_term_string}\"},\"query-input\":{\"@type\":\"PropertyValueSpecification\",\"valueRequired\":true,\"valueName\":\"search_term_string\"}}],\"inLanguage\":\"es\"},{\"@type\":\"Organization\",\"@id\":\"https:\\\/\\\/impactocastex.com.ar\\\/#organization\",\"name\":\"Impacto Castex\",\"url\":\"https:\\\/\\\/impactocastex.com.ar\\\/\",\"logo\":{\"@type\":\"ImageObject\",\"inLanguage\":\"es\",\"@id\":\"https:\\\/\\\/impactocastex.com.ar\\\/#\\\/schema\\\/logo\\\/image\\\/\",\"url\":\"https:\\\/\\\/impactocastex.com.ar\\\/wp-content\\\/uploads\\\/2025\\\/09\\\/cropped-icoweb.png\",\"contentUrl\":\"https:\\\/\\\/impactocastex.com.ar\\\/wp-content\\\/uploads\\\/2025\\\/09\\\/cropped-icoweb.png\",\"width\":512,\"height\":512,\"caption\":\"Impacto Castex\"},\"image\":{\"@id\":\"https:\\\/\\\/impactocastex.com.ar\\\/#\\\/schema\\\/logo\\\/image\\\/\"},\"sameAs\":[\"https:\\\/\\\/www.facebook.com\\\/impactocastexdiario\",\"https:\\\/\\\/www.instagram.com\\\/impactocastex.com.ar\\\/\"]},{\"@type\":\"Person\",\"@id\":\"https:\\\/\\\/impactocastex.com.ar\\\/#\\\/schema\\\/person\\\/86cb4f827fb5f87869a239b98a69c6e3\",\"name\":\"impactocastex\",\"image\":{\"@type\":\"ImageObject\",\"inLanguage\":\"es\",\"@id\":\"https:\\\/\\\/secure.gravatar.com\\\/avatar\\\/9a87ee051ca8c77f5d4070843ce2c78cdf95b858b950fb039151de955122f5f5?s=96&d=mm&r=g\",\"url\":\"https:\\\/\\\/secure.gravatar.com\\\/avatar\\\/9a87ee051ca8c77f5d4070843ce2c78cdf95b858b950fb039151de955122f5f5?s=96&d=mm&r=g\",\"contentUrl\":\"https:\\\/\\\/secure.gravatar.com\\\/avatar\\\/9a87ee051ca8c77f5d4070843ce2c78cdf95b858b950fb039151de955122f5f5?s=96&d=mm&r=g\",\"caption\":\"impactocastex\"},\"sameAs\":[\"https:\\\/\\\/impactocastex.com.ar\"],\"url\":\"https:\\\/\\\/impactocastex.com.ar\\\/?author=1\"}]}<\/script>\n<!-- \/ Yoast SEO plugin. -->","yoast_head_json":{"title":"Qui\u00e9n es Maritza Lugo Fern\u00e1ndez: la residente de Miami acusada por Cuba de liderar una red de infiltraci\u00f3n -","robots":{"index":"index","follow":"follow","max-snippet":"max-snippet:-1","max-image-preview":"max-image-preview:large","max-video-preview":"max-video-preview:-1"},"canonical":"https:\/\/impactocastex.com.ar\/?p=12475","og_locale":"es_ES","og_type":"article","og_title":"Qui\u00e9n es Maritza Lugo Fern\u00e1ndez: la residente de Miami acusada por Cuba de liderar una red de infiltraci\u00f3n -","og_description":"El r\u00e9gimen cubano se\u00f1al\u00f3 a una latina residente de Miami como la presunta responsable y...","og_url":"https:\/\/impactocastex.com.ar\/?p=12475","article_publisher":"https:\/\/www.facebook.com\/impactocastexdiario","article_published_time":"2026-03-02T18:44:47+00:00","og_image":[{"url":"https:\/\/resizer.glanacion.com\/resizer\/v2\/YQQG2ZYQG5H2NCYFC46M4VWNQU.jpg?auth=658a7e6524e236e5a6922c861ee39b6af97e473a50fbc3f027cb1479d8dee3d2&amp;smart=true&amp;width=2048&amp;height=1365","type":"","width":"","height":""}],"author":"impactocastex","twitter_card":"summary_large_image","twitter_misc":{"Escrito por":"impactocastex","Tiempo de lectura":"3 minutos"},"schema":{"@context":"https:\/\/schema.org","@graph":[{"@type":"Article","@id":"https:\/\/impactocastex.com.ar\/?p=12475#article","isPartOf":{"@id":"https:\/\/impactocastex.com.ar\/?p=12475"},"author":{"name":"impactocastex","@id":"https:\/\/impactocastex.com.ar\/#\/schema\/person\/86cb4f827fb5f87869a239b98a69c6e3"},"headline":"Qui\u00e9n es Maritza Lugo Fern\u00e1ndez: la residente de Miami acusada por Cuba de liderar una red de infiltraci\u00f3n","datePublished":"2026-03-02T18:44:47+00:00","mainEntityOfPage":{"@id":"https:\/\/impactocastex.com.ar\/?p=12475"},"wordCount":660,"publisher":{"@id":"https:\/\/impactocastex.com.ar\/#organization"},"image":{"@id":"https:\/\/impactocastex.com.ar\/?p=12475#primaryimage"},"thumbnailUrl":"https:\/\/impactocastex.com.ar\/wp-content\/uploads\/2026\/03\/4PCPWGRKCFDAFKXEB34RFRQVKE-MB0qEa.jpg","articleSection":["NACIONALES"],"inLanguage":"es"},{"@type":"WebPage","@id":"https:\/\/impactocastex.com.ar\/?p=12475","url":"https:\/\/impactocastex.com.ar\/?p=12475","name":"Qui\u00e9n es Maritza Lugo Fern\u00e1ndez: la residente de Miami acusada por Cuba de liderar una red de infiltraci\u00f3n -","isPartOf":{"@id":"https:\/\/impactocastex.com.ar\/#website"},"primaryImageOfPage":{"@id":"https:\/\/impactocastex.com.ar\/?p=12475#primaryimage"},"image":{"@id":"https:\/\/impactocastex.com.ar\/?p=12475#primaryimage"},"thumbnailUrl":"https:\/\/impactocastex.com.ar\/wp-content\/uploads\/2026\/03\/4PCPWGRKCFDAFKXEB34RFRQVKE-MB0qEa.jpg","datePublished":"2026-03-02T18:44:47+00:00","breadcrumb":{"@id":"https:\/\/impactocastex.com.ar\/?p=12475#breadcrumb"},"inLanguage":"es","potentialAction":[{"@type":"ReadAction","target":["https:\/\/impactocastex.com.ar\/?p=12475"]}]},{"@type":"ImageObject","inLanguage":"es","@id":"https:\/\/impactocastex.com.ar\/?p=12475#primaryimage","url":"https:\/\/impactocastex.com.ar\/wp-content\/uploads\/2026\/03\/4PCPWGRKCFDAFKXEB34RFRQVKE-MB0qEa.jpg","contentUrl":"https:\/\/impactocastex.com.ar\/wp-content\/uploads\/2026\/03\/4PCPWGRKCFDAFKXEB34RFRQVKE-MB0qEa.jpg","width":2000,"height":1333},{"@type":"BreadcrumbList","@id":"https:\/\/impactocastex.com.ar\/?p=12475#breadcrumb","itemListElement":[{"@type":"ListItem","position":1,"name":"Portada","item":"https:\/\/impactocastex.com.ar\/"},{"@type":"ListItem","position":2,"name":"Qui\u00e9n es Maritza Lugo Fern\u00e1ndez: la residente de Miami acusada por Cuba de liderar una red de infiltraci\u00f3n"}]},{"@type":"WebSite","@id":"https:\/\/impactocastex.com.ar\/#website","url":"https:\/\/impactocastex.com.ar\/","name":"Impacto Castex","description":"","publisher":{"@id":"https:\/\/impactocastex.com.ar\/#organization"},"potentialAction":[{"@type":"SearchAction","target":{"@type":"EntryPoint","urlTemplate":"https:\/\/impactocastex.com.ar\/?s={search_term_string}"},"query-input":{"@type":"PropertyValueSpecification","valueRequired":true,"valueName":"search_term_string"}}],"inLanguage":"es"},{"@type":"Organization","@id":"https:\/\/impactocastex.com.ar\/#organization","name":"Impacto Castex","url":"https:\/\/impactocastex.com.ar\/","logo":{"@type":"ImageObject","inLanguage":"es","@id":"https:\/\/impactocastex.com.ar\/#\/schema\/logo\/image\/","url":"https:\/\/impactocastex.com.ar\/wp-content\/uploads\/2025\/09\/cropped-icoweb.png","contentUrl":"https:\/\/impactocastex.com.ar\/wp-content\/uploads\/2025\/09\/cropped-icoweb.png","width":512,"height":512,"caption":"Impacto Castex"},"image":{"@id":"https:\/\/impactocastex.com.ar\/#\/schema\/logo\/image\/"},"sameAs":["https:\/\/www.facebook.com\/impactocastexdiario","https:\/\/www.instagram.com\/impactocastex.com.ar\/"]},{"@type":"Person","@id":"https:\/\/impactocastex.com.ar\/#\/schema\/person\/86cb4f827fb5f87869a239b98a69c6e3","name":"impactocastex","image":{"@type":"ImageObject","inLanguage":"es","@id":"https:\/\/secure.gravatar.com\/avatar\/9a87ee051ca8c77f5d4070843ce2c78cdf95b858b950fb039151de955122f5f5?s=96&d=mm&r=g","url":"https:\/\/secure.gravatar.com\/avatar\/9a87ee051ca8c77f5d4070843ce2c78cdf95b858b950fb039151de955122f5f5?s=96&d=mm&r=g","contentUrl":"https:\/\/secure.gravatar.com\/avatar\/9a87ee051ca8c77f5d4070843ce2c78cdf95b858b950fb039151de955122f5f5?s=96&d=mm&r=g","caption":"impactocastex"},"sameAs":["https:\/\/impactocastex.com.ar"],"url":"https:\/\/impactocastex.com.ar\/?author=1"}]}},"jetpack_publicize_connections":[],"featured_image_urls":{"full":["https:\/\/impactocastex.com.ar\/wp-content\/uploads\/2026\/03\/4PCPWGRKCFDAFKXEB34RFRQVKE-MB0qEa.jpg",2000,1333,false],"thumbnail":["https:\/\/impactocastex.com.ar\/wp-content\/uploads\/2026\/03\/4PCPWGRKCFDAFKXEB34RFRQVKE-MB0qEa-150x150.jpg",150,150,true],"medium":["https:\/\/impactocastex.com.ar\/wp-content\/uploads\/2026\/03\/4PCPWGRKCFDAFKXEB34RFRQVKE-MB0qEa-300x200.jpg",300,200,true],"medium_large":["https:\/\/impactocastex.com.ar\/wp-content\/uploads\/2026\/03\/4PCPWGRKCFDAFKXEB34RFRQVKE-MB0qEa-768x512.jpg",640,427,true],"large":["https:\/\/impactocastex.com.ar\/wp-content\/uploads\/2026\/03\/4PCPWGRKCFDAFKXEB34RFRQVKE-MB0qEa-1024x682.jpg",640,426,true],"1536x1536":["https:\/\/impactocastex.com.ar\/wp-content\/uploads\/2026\/03\/4PCPWGRKCFDAFKXEB34RFRQVKE-MB0qEa-1536x1024.jpg",1536,1024,true],"2048x2048":["https:\/\/impactocastex.com.ar\/wp-content\/uploads\/2026\/03\/4PCPWGRKCFDAFKXEB34RFRQVKE-MB0qEa.jpg",2000,1333,false],"newsever-slider-full":["https:\/\/impactocastex.com.ar\/wp-content\/uploads\/2026\/03\/4PCPWGRKCFDAFKXEB34RFRQVKE-MB0qEa-1280x845.jpg",1280,845,true],"newsever-featured":["https:\/\/impactocastex.com.ar\/wp-content\/uploads\/2026\/03\/4PCPWGRKCFDAFKXEB34RFRQVKE-MB0qEa-1024x682.jpg",1024,682,true],"newsever-medium":["https:\/\/impactocastex.com.ar\/wp-content\/uploads\/2026\/03\/4PCPWGRKCFDAFKXEB34RFRQVKE-MB0qEa-720x475.jpg",720,475,true]},"author_info":{"info":["impactocastex"]},"category_info":"<a href=\"https:\/\/impactocastex.com.ar\/?cat=89\" rel=\"category\">NACIONALES<\/a>","tag_info":"NACIONALES","comment_count":0,"jetpack_featured_media_url":"https:\/\/impactocastex.com.ar\/wp-content\/uploads\/2026\/03\/4PCPWGRKCFDAFKXEB34RFRQVKE-MB0qEa.jpg","jetpack_sharing_enabled":true,"jetpack_likes_enabled":true,"jetpack_shortlink":"https:\/\/wp.me\/p7sopA-3fd","_links":{"self":[{"href":"https:\/\/impactocastex.com.ar\/index.php?rest_route=\/wp\/v2\/posts\/12475","targetHints":{"allow":["GET"]}}],"collection":[{"href":"https:\/\/impactocastex.com.ar\/index.php?rest_route=\/wp\/v2\/posts"}],"about":[{"href":"https:\/\/impactocastex.com.ar\/index.php?rest_route=\/wp\/v2\/types\/post"}],"author":[{"embeddable":true,"href":"https:\/\/impactocastex.com.ar\/index.php?rest_route=\/wp\/v2\/users\/1"}],"replies":[{"embeddable":true,"href":"https:\/\/impactocastex.com.ar\/index.php?rest_route=%2Fwp%2Fv2%2Fcomments&post=12475"}],"version-history":[{"count":0,"href":"https:\/\/impactocastex.com.ar\/index.php?rest_route=\/wp\/v2\/posts\/12475\/revisions"}],"wp:featuredmedia":[{"embeddable":true,"href":"https:\/\/impactocastex.com.ar\/index.php?rest_route=\/wp\/v2\/media\/12476"}],"wp:attachment":[{"href":"https:\/\/impactocastex.com.ar\/index.php?rest_route=%2Fwp%2Fv2%2Fmedia&parent=12475"}],"wp:term":[{"taxonomy":"category","embeddable":true,"href":"https:\/\/impactocastex.com.ar\/index.php?rest_route=%2Fwp%2Fv2%2Fcategories&post=12475"},{"taxonomy":"post_tag","embeddable":true,"href":"https:\/\/impactocastex.com.ar\/index.php?rest_route=%2Fwp%2Fv2%2Ftags&post=12475"}],"curies":[{"name":"wp","href":"https:\/\/api.w.org\/{rel}","templated":true}]}}