{"id":12471,"date":"2026-03-02T15:45:02","date_gmt":"2026-03-02T18:45:02","guid":{"rendered":"https:\/\/impactocastex.com.ar\/?p=12471"},"modified":"2026-03-02T15:45:02","modified_gmt":"2026-03-02T18:45:02","slug":"salio-con-la-reforma-laboral-que-cambia-con-el-rimi-la-ambiciosa-apuesta-del-gobierno-para-las-medianas-inversiones","status":"publish","type":"post","link":"https:\/\/impactocastex.com.ar\/?p=12471","title":{"rendered":"Sali\u00f3 con la reforma laboral: qu\u00e9 cambia con el RIMI, la ambiciosa apuesta del Gobierno para las medianas inversiones"},"content":{"rendered":"<p>C\u00d3RDOBA.- Las pymes de todos los sectores, incluidas las del campo, est\u00e1n esperando la <b>reglamentaci\u00f3n<\/b> de la<b> ley de reforma laboral <\/b>que incluye el <b>R\u00e9gimen de Medianas Inversiones (RIMI)<\/b>. Abarca diferentes beneficios para los dos primeros a\u00f1os con montos exigidos que var\u00edan; para una microempresa el umbral son US$150.000; para una peque\u00f1a empresa, US$600.000; para una mediana (tramo 1), US$3.500.000; el tramo 2, US$9.000.000 y las compa\u00f1\u00edas m\u00e1s grandes, 30.000.000 d\u00f3lares como m\u00ednimo.<b> Para el agro incluye algunas particularidades en las que no hay m\u00ednimo de inversi\u00f3n requerido. <\/b>Adem\u00e1s, cambia puntos<b> del r\u00e9gimen de trabajo agrario.<\/b><\/p>\n<p>Desde la Secretar\u00eda de Agricultura se\u00f1alan que el \u201cfoco del incentivo\u201d est\u00e1 en inversiones productivas tales como la <b>adquisici\u00f3n, elaboraci\u00f3n y fabricaci\u00f3n y\/o importaci\u00f3n de bienes muebles nuevos, amortizables en el impuesto a las ganancias, as\u00ed como a la realizaci\u00f3n de obras afectadas a la producci\u00f3n<\/b>. \u201cLa legislaci\u00f3n <b>no dispone de m\u00ednimos para inversiones estrat\u00e9gicas en sistemas y\/o equipos de riego, bienes de alta eficiencia energ\u00e9tica, mallas antigranizo<\/b> para el sector agropecuario y en bienes semovientes\u201d, advierte.<\/p>\n<p>Para esos casos se instaura un <b>r\u00e9gimen de amortizaci\u00f3n acelerada<\/b> en <b>una cuota,<\/b> mientras que para bienes muebles ser\u00e1 de dos. Los <b>cr\u00e9ditos fiscales de IVA<\/b> de esas inversiones podr\u00e1n computarse luego de tres per\u00edodos fiscales mensuales; tambi\u00e9n destaca que se <b>reduce \u201csignificativamente\u201d la al\u00edcuota de IVA para la energ\u00eda el\u00e9ctrica utilizada en equipos de riego<\/b> con destino al sector agroindustrial.<\/p>\n<p><a href=\"https:\/\/www.lanacion.com.ar\/economia\/campo\/desplome-en-febrero-cayo-un-30-la-liquidacion-de-divisas-de-la-agroexportacion-nid02032026\/\">Desplome: en febrero cay\u00f3 un 30% la liquidaci\u00f3n de divisas de la agroexportaci\u00f3n<\/a><\/p>\n<p><b>David Miazzo,<\/b> director de DataMiazo y experto en temas agropecuarios, precis\u00f3 que esa al\u00edcuota ser\u00e1 del 10,5%, \u201creduciendo uno de los costos operativos m\u00e1s altos de la producci\u00f3n intensiva\u201d. La ley, adem\u00e1s, <b>modifica el sistema de valuaci\u00f3n de hacienda <\/b>para los establecimientos de invernada y\/o engorde a corral: \u201cAplica para la determinaci\u00f3n de Ganancias reduciendo el resultado por tenencia de cada ejercicio\u201d. Sobre ese punto, Miazzo a\u00f1adi\u00f3 que se <b>estandarizan los criterios para valuar categor\u00edas como \u201cvaquillonas\u201d y \u201cnovillos\u201d<\/b> mediante el uso de \u00edndices espec\u00edficos, aportando mayor seguridad jur\u00eddica en la liquidaci\u00f3n de impuestos.<\/p>\n<p><a href=\"https:\/\/www.lanacion.com.ar\/economia\/campo\/desplome-en-febrero-cayo-un-30-la-liquidacion-de-divisas-de-la-agroexportacion-nid02032026\/\">Desplome: en febrero cay\u00f3 un 30% la liquidaci\u00f3n de divisas de la agroexportaci\u00f3n<\/a><\/p>\n<p>Desde el <b>Ieral,<\/b> de la Fundaci\u00f3n Mediterr\u00e1nea,<b> Marcos Cohen <\/b>valoriz\u00f3 la inclusi\u00f3n del RIMI para que proyectos de menor envergadura que los alcanzados por el RIGI \u201cpueden tener alguna consideraci\u00f3n de promoci\u00f3n econ\u00f3mica\u201d, pero advirti\u00f3 que los beneficios son \u201c<b>claramente inferiores<\/b> tanto en duraci\u00f3n, magnitud y \u00e1reas en las que genera impacto\u201d. Entre los aspectos favorables, incluy\u00f3 que el r\u00e9gimen amortigua el impacto impositivo de las inversiones, \u201cpor lo que los beneficios ser\u00e1n aprovechados por sectores que operan en la formalidad. Es posible que muchas iniciativas que iban a ocurrir de todos modos puedan ahora asumirlos\u201d. <\/p>\n<p><img loading=\"lazy\" decoding=\"async\" src=\"https:\/\/resizer.glanacion.com\/resizer\/v2\/YTMJG4V2YREGDNOUKZSNNYHWN4.jpeg?auth=4a309eb600e979094e6e5f39900823eae424711e83b79abccf748f71a93f4e5b&amp;smart=true&amp;width=1600&amp;height=1066\" alt=\" La ley, adem\u00e1s, modifica el sistema de valuaci\u00f3n de hacienda para los establecimientos de invernada y\/o engorde a corral: \u201cAplica para la determinaci\u00f3n de Ganancias reduciendo el resultado por tenencia de cada ejercicio\u201d\" height=\"1066\" width=\"1600\" \/><\/p>\n<p>Cohen aport\u00f3: \u201cSer\u00e1 el <b>sector privado el que termine dando luz acerca de en qu\u00e9 medida y extensi\u00f3n ser\u00e1 factible de aprovechar este esquema de beneficios.<\/b> El contexto general de reformas es favorable a la inversi\u00f3n, aunque <b>no necesariamente se movilizar\u00e1n a muy corto plazo, depender\u00e1 de condiciones macro, de precios esperados para el sector <\/b>que las realiza (exportadores) y disponibilidad de cr\u00e9dito, entre otros factores\u201d.<\/p>\n<h1>Relaciones laborales<\/h1>\n<p>Miazzo sostuvo que la norma introdujo \u201c<b>importantes modificaciones directas<\/b>\u201d al R\u00e9gimen de Trabajo Agrario (Ley 26.727) ya que en el T\u00edtulo XI establece la limitaci\u00f3n de la responsabilidad solidaria sobre obligaciones laborales y previsionales para los due\u00f1os de campos; incorpora per\u00edodo de prueba para el trabajador permanente (antes no exist\u00eda y con la ley Bases se permitieron seis meses).<\/p>\n<p>Repas\u00f3 que la ley establece que las <b>remuneraciones m\u00ednimas ser\u00e1n acordadas de manera bilateral entre las partes<\/b>; limita las competencias de la Comisi\u00f3n Nacional de Trabajo Agrario (CNTA) y les da car\u00e1cter taxativo; incorpora el art\u00edculo 106, que unifica el criterio de actualizaci\u00f3n de cr\u00e9ditos laborales agrarios con el art\u00edculo 276 de la Ley de Contrato de Trabajo (LCT), fijando intereses equivalentes a IPC m\u00e1s 3% anual, lo que \u201c<b>otorga mayor previsibilidad jur\u00eddica\u201d<\/b> al sector y <b>deroga la modalidad del trabajador permanente discontinuo, que \u201cresulta muy conflictiva, poco clara y litigiosa para el sector\u201d. <\/b><\/p>\n<p><img loading=\"lazy\" decoding=\"async\" src=\"https:\/\/resizer.glanacion.com\/resizer\/v2\/QESJJCHYHZEHDASYHXSCZKJPSU.jpg?auth=2d348c97124782349deed47991497294930ded85e0047bde4a39c451f8ae8cc8&amp;smart=true&amp;width=710&amp;height=473\" alt=\"La ley establece que las remuneraciones m\u00ednimas ser\u00e1n acordadas de manera bilateral entre las partes; limita las competencias de la Comisi\u00f3n Nacional de Trabajo Agrario (CNTA) y les da car\u00e1cter taxativo\" height=\"473\" width=\"710\" \/><\/p>\n<p>Aclar\u00f3 que se <b>mantiene expresamente la autonom\u00eda del r\u00e9gimen agrario,<\/b> por lo que la LCT \u201csolo se aplica supletoriamente\u201d en la medida en que no contradiga la ley especial. En consecuencia, <b>las nuevas reglas transversales \u2014digitalizaci\u00f3n documental, regulaci\u00f3n de conflictos colectivos, notificaciones electr\u00f3nicas, criterios de actualizaci\u00f3n o normas procesales\u2014 \u201cs\u00ed impactan de lleno en el trabajo rural,<\/b> mientras que permanecen intactas las modalidades propias del empleo estacional, temporario o de zafra\u201d.<\/p>\n<p>\u201cLa creaci\u00f3n de ARCA constituye una <b>simplificaci\u00f3n significativa para el sector agropecuario &#8211;<\/b>a\u00f1ade Miazzo<b>&#8211;<\/b> al establecer un <b>sistema \u00fanico de registraci\u00f3n laboral con interoperabilidad obligatoria<\/b> para todos los organismos estatales, lo que reducir\u00e1 cargas administrativas, duplicidades y fiscalizaciones redundantes\u201d.<\/p>\n<p>El economista subraya que, si bien la ley <b>no modifica el funcionamiento del Renatre ni las competencias de la CNTA,<\/b> la digitalizaci\u00f3n y el nuevo r\u00e9gimen de registraci\u00f3n \u201cgenerar\u00e1n ajustes operativos en ambos organismos\u201d. Sintetiza que, en conjunto, el impacto sobre el trabajo agrario \u201c<b>combina continuidad normativa con mejoras en previsibilidad, digitalizaci\u00f3n y ordenamiento de los conflictos laborales<\/b>\u201d.<\/p>\n<p><a href=\"https:\/\/www.lanacion.com.ar\/economia\/campo\/el-gaucho-de-la-afa-el-poder-agropecuario-del-dirigente-que-viene-con-el-gendarme-gallo-y-pago-nid01032026\/\">\u00abEl gaucho de la AFA\u201d: el poder agropecuario del dirigente que pag\u00f3 millones por una gran campeona y apareci\u00f3 en la foto con el gendarme Gallo<\/a><\/p>\n<p>Miazzo tambi\u00e9n puso la lupa sobre los <b>conflictos gremiales: <\/b>\u201cSe designa a la industria alimenticia y a la <b>actividad agropecuaria en toda su cadena de valor (incluyendo frigor\u00edficos, distribuci\u00f3n y comercializaci\u00f3n) como actividades de importancia trascendental.<\/b> Ante situaciones de huelga o medidas de fuerza, se deber\u00e1 garantizar obligatoriamente una <b>cobertura de servicios m\u00ednimos del 50% de la prestaci\u00f3n normal.<\/b> El objetivo es asegurar la continuidad de la cadena de suministro y evitar el desabastecimiento o la p\u00e9rdida de productos perecederos\u201d.<\/p>\n<p><img loading=\"lazy\" decoding=\"async\" src=\"https:\/\/resizer.glanacion.com\/resizer\/v2\/6DFWSFS2KJA6DF6HIAHRSWHCEU.png?auth=5a29fb34f592f03d4d82524bd99cca987acdfa92516c29fd21156fad6202fc16&amp;smart=true&amp;width=1246&amp;height=848\" alt=\"Miazzo a\u00f1adi\u00f3 que se estandarizan los criterios para valuar categor\u00edas como \u201cvaquillonas\u201d y \u201cnovillos\u201d mediante el uso de \u00edndices espec\u00edficos, aportando mayor seguridad jur\u00eddica en la liquidaci\u00f3n de impuestos\" height=\"848\" width=\"1246\" \/><\/p>\n<p><b>Eduardo Rodr\u00edguez<\/b>, responsable de Econom\u00edas Regionales de CAME, entidad que este lunes en Santa Fe se re\u00fane para analizar el tema, se\u00f1al\u00f3 a <b>LA NACION<\/b> <b>que hasta que no cuenten con la reglamentaci\u00f3n <\/b>no pueden hacer una evaluaci\u00f3n completa, aunque adelant\u00f3 que \u201clas modificaciones planteadas van en el sentido de ayudar\u201d al sector.<\/p>\n<p>\u200bEl cap\u00edtulo que se incorpor\u00f3 en la ley apunta a beneficios para la adquisici\u00f3n, elaboraci\u00f3n y fabricaci\u00f3n y\/o importaci\u00f3n de bienes muebles nuevos, amortizables en el impuesto a las Ganancias, adem\u00e1s de la realizaci\u00f3n de obras para la producci\u00f3n, seg\u00fan inform\u00f3 el Gobierno; el an\u00e1lisis de los expertos\u00a0\u00a0<\/p>","protected":false},"excerpt":{"rendered":"<p>C\u00d3RDOBA.- Las pymes de todos los sectores, incluidas las del campo, est\u00e1n esperando la reglamentaci\u00f3n&#8230;<\/p>\n","protected":false},"author":1,"featured_media":12472,"comment_status":"closed","ping_status":"closed","sticky":false,"template":"","format":"standard","meta":{"_jetpack_memberships_contains_paid_content":false,"footnotes":"","jetpack_publicize_message":"","jetpack_publicize_feature_enabled":true,"jetpack_social_post_already_shared":true,"jetpack_social_options":{"image_generator_settings":{"template":"highway","default_image_id":0,"font":"","enabled":false},"version":2}},"categories":[89],"tags":[],"class_list":["post-12471","post","type-post","status-publish","format-standard","has-post-thumbnail","hentry","category-nacionales"],"yoast_head":"<!-- This site is optimized with the Yoast SEO plugin v27.4 - https:\/\/yoast.com\/product\/yoast-seo-wordpress\/ -->\n<title>Sali\u00f3 con la reforma laboral: qu\u00e9 cambia con el RIMI, la ambiciosa apuesta del Gobierno para las medianas inversiones -<\/title>\n<meta name=\"robots\" content=\"index, follow, max-snippet:-1, max-image-preview:large, max-video-preview:-1\" \/>\n<link rel=\"canonical\" href=\"https:\/\/impactocastex.com.ar\/?p=12471\" \/>\n<meta property=\"og:locale\" content=\"es_ES\" \/>\n<meta property=\"og:type\" content=\"article\" \/>\n<meta property=\"og:title\" content=\"Sali\u00f3 con la reforma laboral: qu\u00e9 cambia con el RIMI, la ambiciosa apuesta del Gobierno para las medianas inversiones -\" \/>\n<meta property=\"og:description\" content=\"C\u00d3RDOBA.- Las pymes de todos los sectores, incluidas las del campo, est\u00e1n esperando la reglamentaci\u00f3n...\" \/>\n<meta property=\"og:url\" content=\"https:\/\/impactocastex.com.ar\/?p=12471\" \/>\n<meta property=\"article:publisher\" content=\"https:\/\/www.facebook.com\/impactocastexdiario\" \/>\n<meta property=\"article:published_time\" content=\"2026-03-02T18:45:02+00:00\" \/>\n<meta property=\"og:image\" content=\"https:\/\/resizer.glanacion.com\/resizer\/v2\/YTMJG4V2YREGDNOUKZSNNYHWN4.jpeg?auth=4a309eb600e979094e6e5f39900823eae424711e83b79abccf748f71a93f4e5b&amp;smart=true&amp;width=1600&amp;height=1066\" \/>\n<meta name=\"author\" content=\"impactocastex\" \/>\n<meta name=\"twitter:card\" content=\"summary_large_image\" \/>\n<meta name=\"twitter:label1\" content=\"Escrito por\" \/>\n\t<meta name=\"twitter:data1\" content=\"impactocastex\" \/>\n\t<meta name=\"twitter:label2\" content=\"Tiempo de lectura\" \/>\n\t<meta name=\"twitter:data2\" content=\"6 minutos\" \/>\n<script type=\"application\/ld+json\" class=\"yoast-schema-graph\">{\"@context\":\"https:\\\/\\\/schema.org\",\"@graph\":[{\"@type\":\"Article\",\"@id\":\"https:\\\/\\\/impactocastex.com.ar\\\/?p=12471#article\",\"isPartOf\":{\"@id\":\"https:\\\/\\\/impactocastex.com.ar\\\/?p=12471\"},\"author\":{\"name\":\"impactocastex\",\"@id\":\"https:\\\/\\\/impactocastex.com.ar\\\/#\\\/schema\\\/person\\\/86cb4f827fb5f87869a239b98a69c6e3\"},\"headline\":\"Sali\u00f3 con la reforma laboral: qu\u00e9 cambia con el RIMI, la ambiciosa apuesta del Gobierno para las medianas inversiones\",\"datePublished\":\"2026-03-02T18:45:02+00:00\",\"mainEntityOfPage\":{\"@id\":\"https:\\\/\\\/impactocastex.com.ar\\\/?p=12471\"},\"wordCount\":1177,\"publisher\":{\"@id\":\"https:\\\/\\\/impactocastex.com.ar\\\/#organization\"},\"image\":{\"@id\":\"https:\\\/\\\/impactocastex.com.ar\\\/?p=12471#primaryimage\"},\"thumbnailUrl\":\"https:\\\/\\\/impactocastex.com.ar\\\/wp-content\\\/uploads\\\/2026\\\/03\\\/3HZDHLLQNZHT3BAETHJ2PFKN7E-xi0qbd.jpg\",\"articleSection\":[\"NACIONALES\"],\"inLanguage\":\"es\"},{\"@type\":\"WebPage\",\"@id\":\"https:\\\/\\\/impactocastex.com.ar\\\/?p=12471\",\"url\":\"https:\\\/\\\/impactocastex.com.ar\\\/?p=12471\",\"name\":\"Sali\u00f3 con la reforma laboral: qu\u00e9 cambia con el RIMI, la ambiciosa apuesta del Gobierno para las medianas inversiones -\",\"isPartOf\":{\"@id\":\"https:\\\/\\\/impactocastex.com.ar\\\/#website\"},\"primaryImageOfPage\":{\"@id\":\"https:\\\/\\\/impactocastex.com.ar\\\/?p=12471#primaryimage\"},\"image\":{\"@id\":\"https:\\\/\\\/impactocastex.com.ar\\\/?p=12471#primaryimage\"},\"thumbnailUrl\":\"https:\\\/\\\/impactocastex.com.ar\\\/wp-content\\\/uploads\\\/2026\\\/03\\\/3HZDHLLQNZHT3BAETHJ2PFKN7E-xi0qbd.jpg\",\"datePublished\":\"2026-03-02T18:45:02+00:00\",\"breadcrumb\":{\"@id\":\"https:\\\/\\\/impactocastex.com.ar\\\/?p=12471#breadcrumb\"},\"inLanguage\":\"es\",\"potentialAction\":[{\"@type\":\"ReadAction\",\"target\":[\"https:\\\/\\\/impactocastex.com.ar\\\/?p=12471\"]}]},{\"@type\":\"ImageObject\",\"inLanguage\":\"es\",\"@id\":\"https:\\\/\\\/impactocastex.com.ar\\\/?p=12471#primaryimage\",\"url\":\"https:\\\/\\\/impactocastex.com.ar\\\/wp-content\\\/uploads\\\/2026\\\/03\\\/3HZDHLLQNZHT3BAETHJ2PFKN7E-xi0qbd.jpg\",\"contentUrl\":\"https:\\\/\\\/impactocastex.com.ar\\\/wp-content\\\/uploads\\\/2026\\\/03\\\/3HZDHLLQNZHT3BAETHJ2PFKN7E-xi0qbd.jpg\",\"width\":2000,\"height\":1333},{\"@type\":\"BreadcrumbList\",\"@id\":\"https:\\\/\\\/impactocastex.com.ar\\\/?p=12471#breadcrumb\",\"itemListElement\":[{\"@type\":\"ListItem\",\"position\":1,\"name\":\"Portada\",\"item\":\"https:\\\/\\\/impactocastex.com.ar\\\/\"},{\"@type\":\"ListItem\",\"position\":2,\"name\":\"Sali\u00f3 con la reforma laboral: qu\u00e9 cambia con el RIMI, la ambiciosa apuesta del Gobierno para las medianas inversiones\"}]},{\"@type\":\"WebSite\",\"@id\":\"https:\\\/\\\/impactocastex.com.ar\\\/#website\",\"url\":\"https:\\\/\\\/impactocastex.com.ar\\\/\",\"name\":\"Impacto Castex\",\"description\":\"\",\"publisher\":{\"@id\":\"https:\\\/\\\/impactocastex.com.ar\\\/#organization\"},\"potentialAction\":[{\"@type\":\"SearchAction\",\"target\":{\"@type\":\"EntryPoint\",\"urlTemplate\":\"https:\\\/\\\/impactocastex.com.ar\\\/?s={search_term_string}\"},\"query-input\":{\"@type\":\"PropertyValueSpecification\",\"valueRequired\":true,\"valueName\":\"search_term_string\"}}],\"inLanguage\":\"es\"},{\"@type\":\"Organization\",\"@id\":\"https:\\\/\\\/impactocastex.com.ar\\\/#organization\",\"name\":\"Impacto Castex\",\"url\":\"https:\\\/\\\/impactocastex.com.ar\\\/\",\"logo\":{\"@type\":\"ImageObject\",\"inLanguage\":\"es\",\"@id\":\"https:\\\/\\\/impactocastex.com.ar\\\/#\\\/schema\\\/logo\\\/image\\\/\",\"url\":\"https:\\\/\\\/impactocastex.com.ar\\\/wp-content\\\/uploads\\\/2025\\\/09\\\/cropped-icoweb.png\",\"contentUrl\":\"https:\\\/\\\/impactocastex.com.ar\\\/wp-content\\\/uploads\\\/2025\\\/09\\\/cropped-icoweb.png\",\"width\":512,\"height\":512,\"caption\":\"Impacto Castex\"},\"image\":{\"@id\":\"https:\\\/\\\/impactocastex.com.ar\\\/#\\\/schema\\\/logo\\\/image\\\/\"},\"sameAs\":[\"https:\\\/\\\/www.facebook.com\\\/impactocastexdiario\",\"https:\\\/\\\/www.instagram.com\\\/impactocastex.com.ar\\\/\"]},{\"@type\":\"Person\",\"@id\":\"https:\\\/\\\/impactocastex.com.ar\\\/#\\\/schema\\\/person\\\/86cb4f827fb5f87869a239b98a69c6e3\",\"name\":\"impactocastex\",\"image\":{\"@type\":\"ImageObject\",\"inLanguage\":\"es\",\"@id\":\"https:\\\/\\\/secure.gravatar.com\\\/avatar\\\/9a87ee051ca8c77f5d4070843ce2c78cdf95b858b950fb039151de955122f5f5?s=96&d=mm&r=g\",\"url\":\"https:\\\/\\\/secure.gravatar.com\\\/avatar\\\/9a87ee051ca8c77f5d4070843ce2c78cdf95b858b950fb039151de955122f5f5?s=96&d=mm&r=g\",\"contentUrl\":\"https:\\\/\\\/secure.gravatar.com\\\/avatar\\\/9a87ee051ca8c77f5d4070843ce2c78cdf95b858b950fb039151de955122f5f5?s=96&d=mm&r=g\",\"caption\":\"impactocastex\"},\"sameAs\":[\"https:\\\/\\\/impactocastex.com.ar\"],\"url\":\"https:\\\/\\\/impactocastex.com.ar\\\/?author=1\"}]}<\/script>\n<!-- \/ Yoast SEO plugin. -->","yoast_head_json":{"title":"Sali\u00f3 con la reforma laboral: qu\u00e9 cambia con el RIMI, la ambiciosa apuesta del Gobierno para las medianas inversiones -","robots":{"index":"index","follow":"follow","max-snippet":"max-snippet:-1","max-image-preview":"max-image-preview:large","max-video-preview":"max-video-preview:-1"},"canonical":"https:\/\/impactocastex.com.ar\/?p=12471","og_locale":"es_ES","og_type":"article","og_title":"Sali\u00f3 con la reforma laboral: qu\u00e9 cambia con el RIMI, la ambiciosa apuesta del Gobierno para las medianas inversiones -","og_description":"C\u00d3RDOBA.- Las pymes de todos los sectores, incluidas las del campo, est\u00e1n esperando la reglamentaci\u00f3n...","og_url":"https:\/\/impactocastex.com.ar\/?p=12471","article_publisher":"https:\/\/www.facebook.com\/impactocastexdiario","article_published_time":"2026-03-02T18:45:02+00:00","og_image":[{"url":"https:\/\/resizer.glanacion.com\/resizer\/v2\/YTMJG4V2YREGDNOUKZSNNYHWN4.jpeg?auth=4a309eb600e979094e6e5f39900823eae424711e83b79abccf748f71a93f4e5b&amp;smart=true&amp;width=1600&amp;height=1066","type":"","width":"","height":""}],"author":"impactocastex","twitter_card":"summary_large_image","twitter_misc":{"Escrito por":"impactocastex","Tiempo de lectura":"6 minutos"},"schema":{"@context":"https:\/\/schema.org","@graph":[{"@type":"Article","@id":"https:\/\/impactocastex.com.ar\/?p=12471#article","isPartOf":{"@id":"https:\/\/impactocastex.com.ar\/?p=12471"},"author":{"name":"impactocastex","@id":"https:\/\/impactocastex.com.ar\/#\/schema\/person\/86cb4f827fb5f87869a239b98a69c6e3"},"headline":"Sali\u00f3 con la reforma laboral: qu\u00e9 cambia con el RIMI, la ambiciosa apuesta del Gobierno para las medianas inversiones","datePublished":"2026-03-02T18:45:02+00:00","mainEntityOfPage":{"@id":"https:\/\/impactocastex.com.ar\/?p=12471"},"wordCount":1177,"publisher":{"@id":"https:\/\/impactocastex.com.ar\/#organization"},"image":{"@id":"https:\/\/impactocastex.com.ar\/?p=12471#primaryimage"},"thumbnailUrl":"https:\/\/impactocastex.com.ar\/wp-content\/uploads\/2026\/03\/3HZDHLLQNZHT3BAETHJ2PFKN7E-xi0qbd.jpg","articleSection":["NACIONALES"],"inLanguage":"es"},{"@type":"WebPage","@id":"https:\/\/impactocastex.com.ar\/?p=12471","url":"https:\/\/impactocastex.com.ar\/?p=12471","name":"Sali\u00f3 con la reforma laboral: qu\u00e9 cambia con el RIMI, la ambiciosa apuesta del Gobierno para las medianas inversiones -","isPartOf":{"@id":"https:\/\/impactocastex.com.ar\/#website"},"primaryImageOfPage":{"@id":"https:\/\/impactocastex.com.ar\/?p=12471#primaryimage"},"image":{"@id":"https:\/\/impactocastex.com.ar\/?p=12471#primaryimage"},"thumbnailUrl":"https:\/\/impactocastex.com.ar\/wp-content\/uploads\/2026\/03\/3HZDHLLQNZHT3BAETHJ2PFKN7E-xi0qbd.jpg","datePublished":"2026-03-02T18:45:02+00:00","breadcrumb":{"@id":"https:\/\/impactocastex.com.ar\/?p=12471#breadcrumb"},"inLanguage":"es","potentialAction":[{"@type":"ReadAction","target":["https:\/\/impactocastex.com.ar\/?p=12471"]}]},{"@type":"ImageObject","inLanguage":"es","@id":"https:\/\/impactocastex.com.ar\/?p=12471#primaryimage","url":"https:\/\/impactocastex.com.ar\/wp-content\/uploads\/2026\/03\/3HZDHLLQNZHT3BAETHJ2PFKN7E-xi0qbd.jpg","contentUrl":"https:\/\/impactocastex.com.ar\/wp-content\/uploads\/2026\/03\/3HZDHLLQNZHT3BAETHJ2PFKN7E-xi0qbd.jpg","width":2000,"height":1333},{"@type":"BreadcrumbList","@id":"https:\/\/impactocastex.com.ar\/?p=12471#breadcrumb","itemListElement":[{"@type":"ListItem","position":1,"name":"Portada","item":"https:\/\/impactocastex.com.ar\/"},{"@type":"ListItem","position":2,"name":"Sali\u00f3 con la reforma laboral: qu\u00e9 cambia con el RIMI, la ambiciosa apuesta del Gobierno para las medianas inversiones"}]},{"@type":"WebSite","@id":"https:\/\/impactocastex.com.ar\/#website","url":"https:\/\/impactocastex.com.ar\/","name":"Impacto Castex","description":"","publisher":{"@id":"https:\/\/impactocastex.com.ar\/#organization"},"potentialAction":[{"@type":"SearchAction","target":{"@type":"EntryPoint","urlTemplate":"https:\/\/impactocastex.com.ar\/?s={search_term_string}"},"query-input":{"@type":"PropertyValueSpecification","valueRequired":true,"valueName":"search_term_string"}}],"inLanguage":"es"},{"@type":"Organization","@id":"https:\/\/impactocastex.com.ar\/#organization","name":"Impacto Castex","url":"https:\/\/impactocastex.com.ar\/","logo":{"@type":"ImageObject","inLanguage":"es","@id":"https:\/\/impactocastex.com.ar\/#\/schema\/logo\/image\/","url":"https:\/\/impactocastex.com.ar\/wp-content\/uploads\/2025\/09\/cropped-icoweb.png","contentUrl":"https:\/\/impactocastex.com.ar\/wp-content\/uploads\/2025\/09\/cropped-icoweb.png","width":512,"height":512,"caption":"Impacto Castex"},"image":{"@id":"https:\/\/impactocastex.com.ar\/#\/schema\/logo\/image\/"},"sameAs":["https:\/\/www.facebook.com\/impactocastexdiario","https:\/\/www.instagram.com\/impactocastex.com.ar\/"]},{"@type":"Person","@id":"https:\/\/impactocastex.com.ar\/#\/schema\/person\/86cb4f827fb5f87869a239b98a69c6e3","name":"impactocastex","image":{"@type":"ImageObject","inLanguage":"es","@id":"https:\/\/secure.gravatar.com\/avatar\/9a87ee051ca8c77f5d4070843ce2c78cdf95b858b950fb039151de955122f5f5?s=96&d=mm&r=g","url":"https:\/\/secure.gravatar.com\/avatar\/9a87ee051ca8c77f5d4070843ce2c78cdf95b858b950fb039151de955122f5f5?s=96&d=mm&r=g","contentUrl":"https:\/\/secure.gravatar.com\/avatar\/9a87ee051ca8c77f5d4070843ce2c78cdf95b858b950fb039151de955122f5f5?s=96&d=mm&r=g","caption":"impactocastex"},"sameAs":["https:\/\/impactocastex.com.ar"],"url":"https:\/\/impactocastex.com.ar\/?author=1"}]}},"jetpack_publicize_connections":[],"featured_image_urls":{"full":["https:\/\/impactocastex.com.ar\/wp-content\/uploads\/2026\/03\/3HZDHLLQNZHT3BAETHJ2PFKN7E-xi0qbd.jpg",2000,1333,false],"thumbnail":["https:\/\/impactocastex.com.ar\/wp-content\/uploads\/2026\/03\/3HZDHLLQNZHT3BAETHJ2PFKN7E-xi0qbd-150x150.jpg",150,150,true],"medium":["https:\/\/impactocastex.com.ar\/wp-content\/uploads\/2026\/03\/3HZDHLLQNZHT3BAETHJ2PFKN7E-xi0qbd-300x200.jpg",300,200,true],"medium_large":["https:\/\/impactocastex.com.ar\/wp-content\/uploads\/2026\/03\/3HZDHLLQNZHT3BAETHJ2PFKN7E-xi0qbd-768x512.jpg",640,427,true],"large":["https:\/\/impactocastex.com.ar\/wp-content\/uploads\/2026\/03\/3HZDHLLQNZHT3BAETHJ2PFKN7E-xi0qbd-1024x682.jpg",640,426,true],"1536x1536":["https:\/\/impactocastex.com.ar\/wp-content\/uploads\/2026\/03\/3HZDHLLQNZHT3BAETHJ2PFKN7E-xi0qbd-1536x1024.jpg",1536,1024,true],"2048x2048":["https:\/\/impactocastex.com.ar\/wp-content\/uploads\/2026\/03\/3HZDHLLQNZHT3BAETHJ2PFKN7E-xi0qbd.jpg",2000,1333,false],"newsever-slider-full":["https:\/\/impactocastex.com.ar\/wp-content\/uploads\/2026\/03\/3HZDHLLQNZHT3BAETHJ2PFKN7E-xi0qbd-1280x845.jpg",1280,845,true],"newsever-featured":["https:\/\/impactocastex.com.ar\/wp-content\/uploads\/2026\/03\/3HZDHLLQNZHT3BAETHJ2PFKN7E-xi0qbd-1024x682.jpg",1024,682,true],"newsever-medium":["https:\/\/impactocastex.com.ar\/wp-content\/uploads\/2026\/03\/3HZDHLLQNZHT3BAETHJ2PFKN7E-xi0qbd-720x475.jpg",720,475,true]},"author_info":{"info":["impactocastex"]},"category_info":"<a href=\"https:\/\/impactocastex.com.ar\/?cat=89\" rel=\"category\">NACIONALES<\/a>","tag_info":"NACIONALES","comment_count":0,"jetpack_featured_media_url":"https:\/\/impactocastex.com.ar\/wp-content\/uploads\/2026\/03\/3HZDHLLQNZHT3BAETHJ2PFKN7E-xi0qbd.jpg","jetpack_sharing_enabled":true,"jetpack_likes_enabled":true,"jetpack_shortlink":"https:\/\/wp.me\/p7sopA-3f9","_links":{"self":[{"href":"https:\/\/impactocastex.com.ar\/index.php?rest_route=\/wp\/v2\/posts\/12471","targetHints":{"allow":["GET"]}}],"collection":[{"href":"https:\/\/impactocastex.com.ar\/index.php?rest_route=\/wp\/v2\/posts"}],"about":[{"href":"https:\/\/impactocastex.com.ar\/index.php?rest_route=\/wp\/v2\/types\/post"}],"author":[{"embeddable":true,"href":"https:\/\/impactocastex.com.ar\/index.php?rest_route=\/wp\/v2\/users\/1"}],"replies":[{"embeddable":true,"href":"https:\/\/impactocastex.com.ar\/index.php?rest_route=%2Fwp%2Fv2%2Fcomments&post=12471"}],"version-history":[{"count":0,"href":"https:\/\/impactocastex.com.ar\/index.php?rest_route=\/wp\/v2\/posts\/12471\/revisions"}],"wp:featuredmedia":[{"embeddable":true,"href":"https:\/\/impactocastex.com.ar\/index.php?rest_route=\/wp\/v2\/media\/12472"}],"wp:attachment":[{"href":"https:\/\/impactocastex.com.ar\/index.php?rest_route=%2Fwp%2Fv2%2Fmedia&parent=12471"}],"wp:term":[{"taxonomy":"category","embeddable":true,"href":"https:\/\/impactocastex.com.ar\/index.php?rest_route=%2Fwp%2Fv2%2Fcategories&post=12471"},{"taxonomy":"post_tag","embeddable":true,"href":"https:\/\/impactocastex.com.ar\/index.php?rest_route=%2Fwp%2Fv2%2Ftags&post=12471"}],"curies":[{"name":"wp","href":"https:\/\/api.w.org\/{rel}","templated":true}]}}