{"id":12467,"date":"2026-03-02T09:41:12","date_gmt":"2026-03-02T12:41:12","guid":{"rendered":"https:\/\/impactocastex.com.ar\/?p=12467"},"modified":"2026-03-02T09:41:19","modified_gmt":"2026-03-02T12:41:19","slug":"la-mujer-de-la-cuchilla-no-me-gusta-que-me-insulten-a-esta-edad-dijo-marta","status":"publish","type":"post","link":"https:\/\/impactocastex.com.ar\/?p=12467","title":{"rendered":"La mujer de la cuchilla: \u201cNo me gusta que me insulten a esta edad\u201d, dijo Marta"},"content":{"rendered":"\n<p>La semana pasada se viraliz\u00f3 un video de un incidente vial en la esquina de Argentino Valle y Belgrano. All\u00ed se vio a una mujer, mayor de edad, bajar de su auto con una cuchilla en la mano para discutir con otro conductor. La protagonista del video viral es Marta Romero, una vecina del Plan 5000 (Barrio Sur), de 77 a\u00f1os.<\/p>\n\n\n\n<p>El periodista Daniel Lucchelli, con a\u00f1os de trayectoria en medios de la provincia, se acerc\u00f3 en las \u00faltimas horas a la casa de la mujer y dialog\u00f3 con ella para conocer su versi\u00f3n de lo ocurrido. \u201cYo no soy mentirosa, voy a contar la realidad. No soy una persona agresiva, soy tranquila. Ven\u00eda de un velorio. Este joven, ven\u00eda atr\u00e1s m\u00edo, entonces me dice: \u201cApurate, vieja cul\u2026\u201d. Entonces baj\u00e9 el vidrio y le dije por qu\u00e9 me ten\u00eda que decir una cosa as\u00ed a mi, que soy una se\u00f1ora de casi 80 a\u00f1os\u201d, comenz\u00f3 su relato.<\/p>\n\n\n\n<p>\u201cEntonces el joven baj\u00f3 el vidrio de la ventanilla y me volvi\u00f3 a decir: \u201cVieja cul\u2026\u201d. As\u00ed que me d\u00ed vuelta, y saqu\u00e9 de abajo una cuchilla con cabo blanco, me la puse atr\u00e1s y le volv\u00ed a preguntar porqu\u00e9 me insultaba. Le pregunt\u00e9 si no ten\u00eda madre o abuela. Y le dije que no iba a pasar el sem\u00e1foro en amarillo porque una vez me hab\u00edan hecho una multa por eso. As\u00ed que le dije que si estaba apurado, hubiera salido m\u00e1s temprano de la casa\u201d, a\u00f1adi\u00f3.<\/p>\n\n\n\n<p>Nervios.<\/p>\n\n\n\n<p>\u201cEso es lo que pas\u00f3. Y el se\u00f1or o la se\u00f1ora de atr\u00e1s, que tiene muy poco que hacer, film\u00f3 la patente del auto, film\u00f3 todo\u201d, dijo. Marta asegur\u00f3 que desde que se viraliz\u00f3 el video del incidente estuvo muy nerviosa. Aclar\u00f3 adem\u00e1s que no la llamaron ni desde la Polic\u00eda ni desde la Justicia, aunque manifest\u00f3 que si eso ocurriera no tendr\u00eda ning\u00fan problema.<\/p>\n\n\n\n<p>\u201cSi \u00e9l me hubiera dicho vieja, no me importa, porque soy vieja, soy una persona grande pero en actividad. Pero yo iba por mi mano, no voy a cruzar el sem\u00e1foro en amarillo porque \u00e9l tenga apuro. A parte no me tiene por qu\u00e9 insultar. No me gusta que me insulten a esta edad. Est\u00e1 bien, me viralizaron, bueno, no tengo problemas. Soy honesta, soy transparente\u201d, manifest\u00f3.<\/p>\n\n\n\n<p>Marta sostuvo que tiene \u201cla costumbre del campo\u201d porque si bien es nacida y criada en Santa Rosa, siempre vivi\u00f3 en el campo, en la zona de Puel\u00e9n. \u201cYo soy una persona tranquila, le pueden preguntar a cualquier persona en el barrio. Me jubil\u00e9 del obispado, que en ese tiempo estaba Monse\u00f1or Vidal, excelente persona, luego estuve otros tantos a\u00f1os con (Fidel) Br\u00e9dice. Tuve la suerte y la oportunidad de estar en los mejores eventos con el Obispo, he viajado por todas partes. He conocido y he estado comiendo asados con el doctor (Rub\u00e9n Hugo) Mar\u00edn, que no es de mi ideolog\u00eda pol\u00edtica pero no tiene nada que ver porque era un se\u00f1or con todas las letras\u201d, dijo.<\/p>\n\n\n\n<p>Cuando la consultaron si la Polic\u00eda o la Justicia la hab\u00edan convocado, Marta dijo que no. \u201cNo me han llamado ni la Polic\u00eda ni la Justicia, pero si me llaman yo voy. No tengo ning\u00fan problema\u201d, concluy\u00f3.<\/p>\n\n\n\n<p>laarena.<\/p>\n","protected":false},"excerpt":{"rendered":"<p>La semana pasada se viraliz\u00f3 un video de un incidente vial en la esquina de&#8230;<\/p>\n","protected":false},"author":2,"featured_media":12468,"comment_status":"closed","ping_status":"closed","sticky":false,"template":"","format":"standard","meta":{"_jetpack_memberships_contains_paid_content":false,"footnotes":"","jetpack_publicize_message":"La mujer de la cuchilla: \u201cNo me gusta que me insulten a esta edad\u201d, dijo Marta","jetpack_publicize_feature_enabled":true,"jetpack_social_post_already_shared":false,"jetpack_social_options":{"image_generator_settings":{"template":"highway","default_image_id":0,"font":"","enabled":false},"version":2}},"categories":[83,85],"tags":[],"class_list":["post-12467","post","type-post","status-publish","format-standard","has-post-thumbnail","hentry","category-la-pampa","category-policiales"],"yoast_head":"<!-- This site is optimized with the Yoast SEO plugin v27.4 - https:\/\/yoast.com\/product\/yoast-seo-wordpress\/ -->\n<title>La mujer de la cuchilla: \u201cNo me gusta que me insulten a esta edad\u201d, dijo Marta -<\/title>\n<meta name=\"robots\" content=\"index, follow, max-snippet:-1, max-image-preview:large, max-video-preview:-1\" \/>\n<link rel=\"canonical\" href=\"https:\/\/impactocastex.com.ar\/?p=12467\" \/>\n<meta property=\"og:locale\" content=\"es_ES\" \/>\n<meta property=\"og:type\" content=\"article\" \/>\n<meta property=\"og:title\" content=\"La mujer de la cuchilla: \u201cNo me gusta que me insulten a esta edad\u201d, dijo Marta -\" \/>\n<meta property=\"og:description\" content=\"La semana pasada se viraliz\u00f3 un video de un incidente vial en la esquina de...\" \/>\n<meta property=\"og:url\" content=\"https:\/\/impactocastex.com.ar\/?p=12467\" \/>\n<meta property=\"article:publisher\" content=\"https:\/\/www.facebook.com\/impactocastexdiario\" \/>\n<meta property=\"article:published_time\" content=\"2026-03-02T12:41:12+00:00\" \/>\n<meta property=\"article:modified_time\" content=\"2026-03-02T12:41:19+00:00\" \/>\n<meta property=\"og:image\" content=\"https:\/\/impactocastex.com.ar\/wp-content\/uploads\/2026\/03\/1772421094591.webp\" \/>\n\t<meta property=\"og:image:width\" content=\"1121\" \/>\n\t<meta property=\"og:image:height\" content=\"633\" \/>\n\t<meta property=\"og:image:type\" content=\"image\/webp\" \/>\n<meta name=\"author\" content=\"impactocastex\" \/>\n<meta name=\"twitter:card\" content=\"summary_large_image\" \/>\n<meta name=\"twitter:label1\" content=\"Escrito por\" \/>\n\t<meta name=\"twitter:data1\" content=\"impactocastex\" \/>\n\t<meta name=\"twitter:label2\" content=\"Tiempo de lectura\" \/>\n\t<meta name=\"twitter:data2\" content=\"3 minutos\" \/>\n<script type=\"application\/ld+json\" class=\"yoast-schema-graph\">{\"@context\":\"https:\\\/\\\/schema.org\",\"@graph\":[{\"@type\":\"Article\",\"@id\":\"https:\\\/\\\/impactocastex.com.ar\\\/?p=12467#article\",\"isPartOf\":{\"@id\":\"https:\\\/\\\/impactocastex.com.ar\\\/?p=12467\"},\"author\":{\"name\":\"impactocastex\",\"@id\":\"https:\\\/\\\/impactocastex.com.ar\\\/#\\\/schema\\\/person\\\/c115028fb60f9bf49ce7550894b84ea7\"},\"headline\":\"La mujer de la cuchilla: \u201cNo me gusta que me insulten a esta edad\u201d, dijo Marta\",\"datePublished\":\"2026-03-02T12:41:12+00:00\",\"dateModified\":\"2026-03-02T12:41:19+00:00\",\"mainEntityOfPage\":{\"@id\":\"https:\\\/\\\/impactocastex.com.ar\\\/?p=12467\"},\"wordCount\":584,\"publisher\":{\"@id\":\"https:\\\/\\\/impactocastex.com.ar\\\/#organization\"},\"image\":{\"@id\":\"https:\\\/\\\/impactocastex.com.ar\\\/?p=12467#primaryimage\"},\"thumbnailUrl\":\"https:\\\/\\\/impactocastex.com.ar\\\/wp-content\\\/uploads\\\/2026\\\/03\\\/1772421094591.webp\",\"articleSection\":[\"LA PAMPA\",\"POLICIALES\"],\"inLanguage\":\"es\"},{\"@type\":\"WebPage\",\"@id\":\"https:\\\/\\\/impactocastex.com.ar\\\/?p=12467\",\"url\":\"https:\\\/\\\/impactocastex.com.ar\\\/?p=12467\",\"name\":\"La mujer de la cuchilla: \u201cNo me gusta que me insulten a esta edad\u201d, dijo Marta -\",\"isPartOf\":{\"@id\":\"https:\\\/\\\/impactocastex.com.ar\\\/#website\"},\"primaryImageOfPage\":{\"@id\":\"https:\\\/\\\/impactocastex.com.ar\\\/?p=12467#primaryimage\"},\"image\":{\"@id\":\"https:\\\/\\\/impactocastex.com.ar\\\/?p=12467#primaryimage\"},\"thumbnailUrl\":\"https:\\\/\\\/impactocastex.com.ar\\\/wp-content\\\/uploads\\\/2026\\\/03\\\/1772421094591.webp\",\"datePublished\":\"2026-03-02T12:41:12+00:00\",\"dateModified\":\"2026-03-02T12:41:19+00:00\",\"breadcrumb\":{\"@id\":\"https:\\\/\\\/impactocastex.com.ar\\\/?p=12467#breadcrumb\"},\"inLanguage\":\"es\",\"potentialAction\":[{\"@type\":\"ReadAction\",\"target\":[\"https:\\\/\\\/impactocastex.com.ar\\\/?p=12467\"]}]},{\"@type\":\"ImageObject\",\"inLanguage\":\"es\",\"@id\":\"https:\\\/\\\/impactocastex.com.ar\\\/?p=12467#primaryimage\",\"url\":\"https:\\\/\\\/impactocastex.com.ar\\\/wp-content\\\/uploads\\\/2026\\\/03\\\/1772421094591.webp\",\"contentUrl\":\"https:\\\/\\\/impactocastex.com.ar\\\/wp-content\\\/uploads\\\/2026\\\/03\\\/1772421094591.webp\",\"width\":1121,\"height\":633},{\"@type\":\"BreadcrumbList\",\"@id\":\"https:\\\/\\\/impactocastex.com.ar\\\/?p=12467#breadcrumb\",\"itemListElement\":[{\"@type\":\"ListItem\",\"position\":1,\"name\":\"Portada\",\"item\":\"https:\\\/\\\/impactocastex.com.ar\\\/\"},{\"@type\":\"ListItem\",\"position\":2,\"name\":\"La mujer de la cuchilla: \u201cNo me gusta que me insulten a esta edad\u201d, dijo Marta\"}]},{\"@type\":\"WebSite\",\"@id\":\"https:\\\/\\\/impactocastex.com.ar\\\/#website\",\"url\":\"https:\\\/\\\/impactocastex.com.ar\\\/\",\"name\":\"Impacto Castex\",\"description\":\"\",\"publisher\":{\"@id\":\"https:\\\/\\\/impactocastex.com.ar\\\/#organization\"},\"potentialAction\":[{\"@type\":\"SearchAction\",\"target\":{\"@type\":\"EntryPoint\",\"urlTemplate\":\"https:\\\/\\\/impactocastex.com.ar\\\/?s={search_term_string}\"},\"query-input\":{\"@type\":\"PropertyValueSpecification\",\"valueRequired\":true,\"valueName\":\"search_term_string\"}}],\"inLanguage\":\"es\"},{\"@type\":\"Organization\",\"@id\":\"https:\\\/\\\/impactocastex.com.ar\\\/#organization\",\"name\":\"Impacto Castex\",\"url\":\"https:\\\/\\\/impactocastex.com.ar\\\/\",\"logo\":{\"@type\":\"ImageObject\",\"inLanguage\":\"es\",\"@id\":\"https:\\\/\\\/impactocastex.com.ar\\\/#\\\/schema\\\/logo\\\/image\\\/\",\"url\":\"https:\\\/\\\/impactocastex.com.ar\\\/wp-content\\\/uploads\\\/2025\\\/09\\\/cropped-icoweb.png\",\"contentUrl\":\"https:\\\/\\\/impactocastex.com.ar\\\/wp-content\\\/uploads\\\/2025\\\/09\\\/cropped-icoweb.png\",\"width\":512,\"height\":512,\"caption\":\"Impacto Castex\"},\"image\":{\"@id\":\"https:\\\/\\\/impactocastex.com.ar\\\/#\\\/schema\\\/logo\\\/image\\\/\"},\"sameAs\":[\"https:\\\/\\\/www.facebook.com\\\/impactocastexdiario\",\"https:\\\/\\\/www.instagram.com\\\/impactocastex.com.ar\\\/\"]},{\"@type\":\"Person\",\"@id\":\"https:\\\/\\\/impactocastex.com.ar\\\/#\\\/schema\\\/person\\\/c115028fb60f9bf49ce7550894b84ea7\",\"name\":\"impactocastex\",\"image\":{\"@type\":\"ImageObject\",\"inLanguage\":\"es\",\"@id\":\"https:\\\/\\\/secure.gravatar.com\\\/avatar\\\/fee87e7af008f02e9becdc0b5a9fd4a2e79b3918a571edeacb62211704637833?s=96&d=mm&r=g\",\"url\":\"https:\\\/\\\/secure.gravatar.com\\\/avatar\\\/fee87e7af008f02e9becdc0b5a9fd4a2e79b3918a571edeacb62211704637833?s=96&d=mm&r=g\",\"contentUrl\":\"https:\\\/\\\/secure.gravatar.com\\\/avatar\\\/fee87e7af008f02e9becdc0b5a9fd4a2e79b3918a571edeacb62211704637833?s=96&d=mm&r=g\",\"caption\":\"impactocastex\"},\"sameAs\":[\"https:\\\/\\\/impactocastex.com.ar\\\/\"],\"url\":\"https:\\\/\\\/impactocastex.com.ar\\\/?author=2\"}]}<\/script>\n<!-- \/ Yoast SEO plugin. -->","yoast_head_json":{"title":"La mujer de la cuchilla: \u201cNo me gusta que me insulten a esta edad\u201d, dijo Marta -","robots":{"index":"index","follow":"follow","max-snippet":"max-snippet:-1","max-image-preview":"max-image-preview:large","max-video-preview":"max-video-preview:-1"},"canonical":"https:\/\/impactocastex.com.ar\/?p=12467","og_locale":"es_ES","og_type":"article","og_title":"La mujer de la cuchilla: \u201cNo me gusta que me insulten a esta edad\u201d, dijo Marta -","og_description":"La semana pasada se viraliz\u00f3 un video de un incidente vial en la esquina de...","og_url":"https:\/\/impactocastex.com.ar\/?p=12467","article_publisher":"https:\/\/www.facebook.com\/impactocastexdiario","article_published_time":"2026-03-02T12:41:12+00:00","article_modified_time":"2026-03-02T12:41:19+00:00","og_image":[{"width":1121,"height":633,"url":"https:\/\/impactocastex.com.ar\/wp-content\/uploads\/2026\/03\/1772421094591.webp","type":"image\/webp"}],"author":"impactocastex","twitter_card":"summary_large_image","twitter_misc":{"Escrito por":"impactocastex","Tiempo de lectura":"3 minutos"},"schema":{"@context":"https:\/\/schema.org","@graph":[{"@type":"Article","@id":"https:\/\/impactocastex.com.ar\/?p=12467#article","isPartOf":{"@id":"https:\/\/impactocastex.com.ar\/?p=12467"},"author":{"name":"impactocastex","@id":"https:\/\/impactocastex.com.ar\/#\/schema\/person\/c115028fb60f9bf49ce7550894b84ea7"},"headline":"La mujer de la cuchilla: \u201cNo me gusta que me insulten a esta edad\u201d, dijo Marta","datePublished":"2026-03-02T12:41:12+00:00","dateModified":"2026-03-02T12:41:19+00:00","mainEntityOfPage":{"@id":"https:\/\/impactocastex.com.ar\/?p=12467"},"wordCount":584,"publisher":{"@id":"https:\/\/impactocastex.com.ar\/#organization"},"image":{"@id":"https:\/\/impactocastex.com.ar\/?p=12467#primaryimage"},"thumbnailUrl":"https:\/\/impactocastex.com.ar\/wp-content\/uploads\/2026\/03\/1772421094591.webp","articleSection":["LA PAMPA","POLICIALES"],"inLanguage":"es"},{"@type":"WebPage","@id":"https:\/\/impactocastex.com.ar\/?p=12467","url":"https:\/\/impactocastex.com.ar\/?p=12467","name":"La mujer de la cuchilla: \u201cNo me gusta que me insulten a esta edad\u201d, dijo Marta -","isPartOf":{"@id":"https:\/\/impactocastex.com.ar\/#website"},"primaryImageOfPage":{"@id":"https:\/\/impactocastex.com.ar\/?p=12467#primaryimage"},"image":{"@id":"https:\/\/impactocastex.com.ar\/?p=12467#primaryimage"},"thumbnailUrl":"https:\/\/impactocastex.com.ar\/wp-content\/uploads\/2026\/03\/1772421094591.webp","datePublished":"2026-03-02T12:41:12+00:00","dateModified":"2026-03-02T12:41:19+00:00","breadcrumb":{"@id":"https:\/\/impactocastex.com.ar\/?p=12467#breadcrumb"},"inLanguage":"es","potentialAction":[{"@type":"ReadAction","target":["https:\/\/impactocastex.com.ar\/?p=12467"]}]},{"@type":"ImageObject","inLanguage":"es","@id":"https:\/\/impactocastex.com.ar\/?p=12467#primaryimage","url":"https:\/\/impactocastex.com.ar\/wp-content\/uploads\/2026\/03\/1772421094591.webp","contentUrl":"https:\/\/impactocastex.com.ar\/wp-content\/uploads\/2026\/03\/1772421094591.webp","width":1121,"height":633},{"@type":"BreadcrumbList","@id":"https:\/\/impactocastex.com.ar\/?p=12467#breadcrumb","itemListElement":[{"@type":"ListItem","position":1,"name":"Portada","item":"https:\/\/impactocastex.com.ar\/"},{"@type":"ListItem","position":2,"name":"La mujer de la cuchilla: \u201cNo me gusta que me insulten a esta edad\u201d, dijo Marta"}]},{"@type":"WebSite","@id":"https:\/\/impactocastex.com.ar\/#website","url":"https:\/\/impactocastex.com.ar\/","name":"Impacto Castex","description":"","publisher":{"@id":"https:\/\/impactocastex.com.ar\/#organization"},"potentialAction":[{"@type":"SearchAction","target":{"@type":"EntryPoint","urlTemplate":"https:\/\/impactocastex.com.ar\/?s={search_term_string}"},"query-input":{"@type":"PropertyValueSpecification","valueRequired":true,"valueName":"search_term_string"}}],"inLanguage":"es"},{"@type":"Organization","@id":"https:\/\/impactocastex.com.ar\/#organization","name":"Impacto Castex","url":"https:\/\/impactocastex.com.ar\/","logo":{"@type":"ImageObject","inLanguage":"es","@id":"https:\/\/impactocastex.com.ar\/#\/schema\/logo\/image\/","url":"https:\/\/impactocastex.com.ar\/wp-content\/uploads\/2025\/09\/cropped-icoweb.png","contentUrl":"https:\/\/impactocastex.com.ar\/wp-content\/uploads\/2025\/09\/cropped-icoweb.png","width":512,"height":512,"caption":"Impacto Castex"},"image":{"@id":"https:\/\/impactocastex.com.ar\/#\/schema\/logo\/image\/"},"sameAs":["https:\/\/www.facebook.com\/impactocastexdiario","https:\/\/www.instagram.com\/impactocastex.com.ar\/"]},{"@type":"Person","@id":"https:\/\/impactocastex.com.ar\/#\/schema\/person\/c115028fb60f9bf49ce7550894b84ea7","name":"impactocastex","image":{"@type":"ImageObject","inLanguage":"es","@id":"https:\/\/secure.gravatar.com\/avatar\/fee87e7af008f02e9becdc0b5a9fd4a2e79b3918a571edeacb62211704637833?s=96&d=mm&r=g","url":"https:\/\/secure.gravatar.com\/avatar\/fee87e7af008f02e9becdc0b5a9fd4a2e79b3918a571edeacb62211704637833?s=96&d=mm&r=g","contentUrl":"https:\/\/secure.gravatar.com\/avatar\/fee87e7af008f02e9becdc0b5a9fd4a2e79b3918a571edeacb62211704637833?s=96&d=mm&r=g","caption":"impactocastex"},"sameAs":["https:\/\/impactocastex.com.ar\/"],"url":"https:\/\/impactocastex.com.ar\/?author=2"}]}},"jetpack_publicize_connections":[],"featured_image_urls":{"full":["https:\/\/impactocastex.com.ar\/wp-content\/uploads\/2026\/03\/1772421094591.webp",1121,633,false],"thumbnail":["https:\/\/impactocastex.com.ar\/wp-content\/uploads\/2026\/03\/1772421094591-150x150.webp",150,150,true],"medium":["https:\/\/impactocastex.com.ar\/wp-content\/uploads\/2026\/03\/1772421094591-300x169.webp",300,169,true],"medium_large":["https:\/\/impactocastex.com.ar\/wp-content\/uploads\/2026\/03\/1772421094591-768x434.webp",640,362,true],"large":["https:\/\/impactocastex.com.ar\/wp-content\/uploads\/2026\/03\/1772421094591-1024x578.webp",640,361,true],"1536x1536":["https:\/\/impactocastex.com.ar\/wp-content\/uploads\/2026\/03\/1772421094591.webp",1121,633,false],"2048x2048":["https:\/\/impactocastex.com.ar\/wp-content\/uploads\/2026\/03\/1772421094591.webp",1121,633,false],"newsever-slider-full":["https:\/\/impactocastex.com.ar\/wp-content\/uploads\/2026\/03\/1772421094591.webp",1121,633,false],"newsever-featured":["https:\/\/impactocastex.com.ar\/wp-content\/uploads\/2026\/03\/1772421094591-1024x578.webp",1024,578,true],"newsever-medium":["https:\/\/impactocastex.com.ar\/wp-content\/uploads\/2026\/03\/1772421094591-720x475.webp",720,475,true]},"author_info":{"info":["impactocastex"]},"category_info":"<a href=\"https:\/\/impactocastex.com.ar\/?cat=83\" rel=\"category\">LA PAMPA<\/a> <a href=\"https:\/\/impactocastex.com.ar\/?cat=85\" rel=\"category\">POLICIALES<\/a>","tag_info":"POLICIALES","comment_count":0,"jetpack_featured_media_url":"https:\/\/impactocastex.com.ar\/wp-content\/uploads\/2026\/03\/1772421094591.webp","jetpack_sharing_enabled":true,"jetpack_likes_enabled":true,"jetpack_shortlink":"https:\/\/wp.me\/p7sopA-3f5","_links":{"self":[{"href":"https:\/\/impactocastex.com.ar\/index.php?rest_route=\/wp\/v2\/posts\/12467","targetHints":{"allow":["GET"]}}],"collection":[{"href":"https:\/\/impactocastex.com.ar\/index.php?rest_route=\/wp\/v2\/posts"}],"about":[{"href":"https:\/\/impactocastex.com.ar\/index.php?rest_route=\/wp\/v2\/types\/post"}],"author":[{"embeddable":true,"href":"https:\/\/impactocastex.com.ar\/index.php?rest_route=\/wp\/v2\/users\/2"}],"replies":[{"embeddable":true,"href":"https:\/\/impactocastex.com.ar\/index.php?rest_route=%2Fwp%2Fv2%2Fcomments&post=12467"}],"version-history":[{"count":1,"href":"https:\/\/impactocastex.com.ar\/index.php?rest_route=\/wp\/v2\/posts\/12467\/revisions"}],"predecessor-version":[{"id":12469,"href":"https:\/\/impactocastex.com.ar\/index.php?rest_route=\/wp\/v2\/posts\/12467\/revisions\/12469"}],"wp:featuredmedia":[{"embeddable":true,"href":"https:\/\/impactocastex.com.ar\/index.php?rest_route=\/wp\/v2\/media\/12468"}],"wp:attachment":[{"href":"https:\/\/impactocastex.com.ar\/index.php?rest_route=%2Fwp%2Fv2%2Fmedia&parent=12467"}],"wp:term":[{"taxonomy":"category","embeddable":true,"href":"https:\/\/impactocastex.com.ar\/index.php?rest_route=%2Fwp%2Fv2%2Fcategories&post=12467"},{"taxonomy":"post_tag","embeddable":true,"href":"https:\/\/impactocastex.com.ar\/index.php?rest_route=%2Fwp%2Fv2%2Ftags&post=12467"}],"curies":[{"name":"wp","href":"https:\/\/api.w.org\/{rel}","templated":true}]}}