{"id":12441,"date":"2026-03-02T08:52:20","date_gmt":"2026-03-02T11:52:20","guid":{"rendered":"https:\/\/impactocastex.com.ar\/?p=12441"},"modified":"2026-03-02T08:52:22","modified_gmt":"2026-03-02T11:52:22","slug":"fuerte-defensa-a-david-bravo-de-un-abogado-del-pj-los-vamos-a-perseguir-toda-la-vida","status":"publish","type":"post","link":"https:\/\/impactocastex.com.ar\/?p=12441","title":{"rendered":"Fuerte defensa a David Bravo de un abogado del PJ: \u00ablos vamos a perseguir toda la vida\u00bb"},"content":{"rendered":"\n<p>El abogado Diego Beltramino, asesor legal de la Municipalidad de Algarrobo del Aguila realiz\u00f3 una fuerte defensa del ex intendente de 25 de Mayo, David Bravo. \u00abLos vamos a perseguir toda la vida. Prep\u00e1rense para lo que viene\u00bb, dispar\u00f3.<\/p>\n\n\n\n<p>Beltramino, sobrino del gobernador Sergio Ziliotto lanz\u00f3 un mensaje en las redes sociales luego de la detenci\u00f3n de Bravo por el delito de trata de personas. Hizo una cerrada y fuerte defensa del ex jefe comunal.&nbsp;<\/p>\n\n\n\n<p>Apunt\u00f3 a quienes los condenaron y a quienes no \u00abhicieron nada\u00bb par evitarlo. \u00abMerece parrafo aparte para los que te quieren condenado por \u00e9stas injustas razones, o los que no hicieron nada para evitarlo; para mi, son lo mismo por que &#8216;a los tibios los vomita Dios'\u00bb, afirm\u00f3.&nbsp;&nbsp;<\/p>\n\n\n\n<p>https:\/\/googleads.g.doubleclick.net\/pagead\/ads?client=ca-pub-6403813037603277&#038;output=html&#038;h=280&#038;adk=1909521250&#038;adf=2495168725&#038;pi=t.aa~a.2470000188~i.3~rp.4&#038;w=839&#038;fwrn=4&#038;fwrnh=100&#038;lmt=1772452256&#038;rafmt=1&#038;armr=3&#038;sem=mc&#038;pwprc=4381023474&#038;ad_type=text_image&#038;format=839&#215;280&#038;url=https%3A%2F%2Fwww.eldiariodelapampa.com.ar%2Fla-pampa%2F70312%2Ffuerte-defensa-a-david-bravo-de-un-abogado-del-pj&#8211;los-vamos-a-perseguir-toda-la-vida&#038;fwr=0&#038;pra=3&#038;rh=200&#038;rw=839&#038;rpe=1&#038;resp_fmts=3&#038;aieuf=1&#038;aicrs=1&#038;fa=27&#038;uach=WyJXaW5kb3dzIiwiMTAuMC4wIiwieDg2IiwiIiwiMTQ1LjAuNzYzMi4xMTciLG51bGwsMCxudWxsLCI2NCIsW1siTm90OkEtQnJhbmQiLCI5OS4wLjAuMCJdLFsiR29vZ2xlIENocm9tZSIsIjE0NS4wLjc2MzIuMTE3Il0sWyJDaHJvbWl1bSIsIjE0NS4wLjc2MzIuMTE3Il1dLDFd&#038;abgtt=6&#038;dt=1772452256206&#038;bpp=6&#038;bdt=2024&#038;idt=-M&#038;shv=r20260225&#038;mjsv=m202602260101&#038;ptt=9&#038;saldr=aa&#038;abxe=1&#038;cookie=ID%3Db659817de5797c63%3AT%3D1757941855%3ART%3D1772451948%3AS%3DALNI_MZoIeHIZnXkzz-fgvz1uUeBBsrAfQ&#038;gpic=UID%3D0000114361262f80%3AT%3D1757941855%3ART%3D1772451948%3AS%3DALNI_MbOK2fCJxAdR0Mrqkt8tncwEk-EuQ&#038;eo_id_str=ID%3Dea57bff391a1fdd3%3AT%3D1757941855%3ART%3D1772451948%3AS%3DAA-AfjZWpgiV2v7R3EtXIXL6oEB6&#038;prev_fmts=0x0%2C160x600%2C1351x617&#038;nras=3&#038;correlator=5310524353270&#038;frm=20&#038;pv=1&#038;u_tz=-180&#038;u_his=8&#038;u_h=768&#038;u_w=1366&#038;u_ah=738&#038;u_aw=1366&#038;u_cd=32&#038;u_sd=1&#038;dmc=2&#038;adx=39&#038;ady=1252&#038;biw=1351&#038;bih=617&#038;scr_x=0&#038;scr_y=0&#038;eid=31096983%2C95378429%2C95382853%2C95383860%2C31096975%2C95372614%2C95384355%2C95373848&#038;oid=2&#038;pvsid=771219687860033&#038;tmod=2104613169&#038;uas=3&#038;nvt=1&#038;ref=https%3A%2F%2Fwww.eldiariodelapampa.com.ar%2F&#038;fc=1408&#038;brdim=0%2C0%2C0%2C0%2C1366%2C0%2C1366%2C738%2C1366%2C617&#038;vis=1&#038;rsz=%7C%7Cs%7C&#038;abl=NS&#038;fu=128&#038;bc=31&#038;bz=1&#038;num_ads=1&#038;ifi=4&#038;uci=a!4&#038;btvi=1&#038;fsb=1&#038;dtd=114<\/p>\n\n\n\n<p>Beltramino al igual que David Bravo revist\u00f3 en el Senado como empleado en el despacho del Carlos Verna a principios de los a\u00f1os 2000. Tambi\u00e9n como el ex jefe comunal de 25, curs\u00f3 sus estudios de abogac\u00eda en la Universidad de Belgrano.&nbsp;&nbsp;<\/p>\n\n\n\n<p>https:\/\/googleads.g.doubleclick.net\/pagead\/ads?client=ca-pub-6403813037603277&#038;output=html&#038;h=280&#038;adk=1909521250&#038;adf=1786997718&#038;pi=t.aa~a.2470000188~i.4~rp.4&#038;w=839&#038;fwrn=4&#038;fwrnh=100&#038;lmt=1772452256&#038;rafmt=1&#038;armr=3&#038;sem=mc&#038;pwprc=4381023474&#038;ad_type=text_image&#038;format=839&#215;280&#038;url=https%3A%2F%2Fwww.eldiariodelapampa.com.ar%2Fla-pampa%2F70312%2Ffuerte-defensa-a-david-bravo-de-un-abogado-del-pj&#8211;los-vamos-a-perseguir-toda-la-vida&#038;fwr=0&#038;pra=3&#038;rh=200&#038;rw=839&#038;rpe=1&#038;resp_fmts=3&#038;aieuf=1&#038;aicrs=1&#038;fa=27&#038;uach=WyJXaW5kb3dzIiwiMTAuMC4wIiwieDg2IiwiIiwiMTQ1LjAuNzYzMi4xMTciLG51bGwsMCxudWxsLCI2NCIsW1siTm90OkEtQnJhbmQiLCI5OS4wLjAuMCJdLFsiR29vZ2xlIENocm9tZSIsIjE0NS4wLjc2MzIuMTE3Il0sWyJDaHJvbWl1bSIsIjE0NS4wLjc2MzIuMTE3Il1dLDFd&#038;abgtt=6&#038;dt=1772452256206&#038;bpp=3&#038;bdt=2024&#038;idt=3&#038;shv=r20260225&#038;mjsv=m202602260101&#038;ptt=9&#038;saldr=aa&#038;abxe=1&#038;cookie=ID%3Db659817de5797c63%3AT%3D1757941855%3ART%3D1772451948%3AS%3DALNI_MZoIeHIZnXkzz-fgvz1uUeBBsrAfQ&#038;gpic=UID%3D0000114361262f80%3AT%3D1757941855%3ART%3D1772451948%3AS%3DALNI_MbOK2fCJxAdR0Mrqkt8tncwEk-EuQ&#038;eo_id_str=ID%3Dea57bff391a1fdd3%3AT%3D1757941855%3ART%3D1772451948%3AS%3DAA-AfjZWpgiV2v7R3EtXIXL6oEB6&#038;prev_fmts=0x0%2C160x600%2C1351x617%2C839x280&#038;nras=4&#038;correlator=5310524353270&#038;frm=20&#038;pv=1&#038;u_tz=-180&#038;u_his=8&#038;u_h=768&#038;u_w=1366&#038;u_ah=738&#038;u_aw=1366&#038;u_cd=32&#038;u_sd=1&#038;dmc=2&#038;adx=39&#038;ady=1644&#038;biw=1351&#038;bih=617&#038;scr_x=0&#038;scr_y=0&#038;eid=31096983%2C95378429%2C95382853%2C95383860%2C31096975%2C95372614%2C95384355%2C95373848&#038;oid=2&#038;pvsid=771219687860033&#038;tmod=2104613169&#038;uas=3&#038;nvt=1&#038;ref=https%3A%2F%2Fwww.eldiariodelapampa.com.ar%2F&#038;fc=1408&#038;brdim=0%2C0%2C0%2C0%2C1366%2C0%2C1366%2C738%2C1366%2C617&#038;vis=1&#038;rsz=%7C%7Cs%7C&#038;abl=NS&#038;fu=128&#038;bc=31&#038;bz=1&#038;num_ads=1&#038;ifi=5&#038;uci=a!5&#038;btvi=2&#038;fsb=1&#038;dtd=119<\/p>\n\n\n\n<p>En el mensaje publicado en las redes, Beltramino se dirigi\u00f3 \u00abA mi hermano David Bravo\u00bb.<\/p>\n\n\n\n<figure class=\"wp-block-image\"><img decoding=\"async\" src=\"https:\/\/www.eldiariodelapampa.com.ar\/\/img\/publicaciones\/2026\/03\/01\/alta\/881520-t.jpg\" alt=\"\" \/><\/figure>\n\n\n\n<p>Y este es el mensaje textual:<\/p>\n\n\n\n<p>\u00abDicen que sos culpable del delito de trata de personas en una causa donde la encargada del presunto cabaret esta libre, los inspectores municipales absueltos, los funcionarios p\u00fablicos absueltos, los policias que deb\u00edan controlar, absueltos, pero vos condenado. Raro, no?<\/p>\n\n\n\n<p>No, no es raro. Es normal y l\u00f3gico: Todos los libres y absueltos no representan a nadie m\u00e1s que a ellos mismos, en cambio vos, represent\u00e1s a m\u00e1s de la mitad de tu pueblo.<\/p>\n\n\n\n<p>https:\/\/googleads.g.doubleclick.net\/pagead\/ads?client=ca-pub-6403813037603277&#038;output=html&#038;h=280&#038;adk=1909521250&#038;adf=1128626539&#038;pi=t.aa~a.2470000188~i.14~rp.4&#038;w=839&#038;fwrn=4&#038;fwrnh=100&#038;lmt=1772452256&#038;rafmt=1&#038;armr=3&#038;sem=mc&#038;pwprc=4381023474&#038;ad_type=text_image&#038;format=839&#215;280&#038;url=https%3A%2F%2Fwww.eldiariodelapampa.com.ar%2Fla-pampa%2F70312%2Ffuerte-defensa-a-david-bravo-de-un-abogado-del-pj&#8211;los-vamos-a-perseguir-toda-la-vida&#038;fwr=0&#038;pra=3&#038;rh=200&#038;rw=839&#038;rpe=1&#038;resp_fmts=3&#038;aieuf=1&#038;aicrs=1&#038;fa=27&#038;uach=WyJXaW5kb3dzIiwiMTAuMC4wIiwieDg2IiwiIiwiMTQ1LjAuNzYzMi4xMTciLG51bGwsMCxudWxsLCI2NCIsW1siTm90OkEtQnJhbmQiLCI5OS4wLjAuMCJdLFsiR29vZ2xlIENocm9tZSIsIjE0NS4wLjc2MzIuMTE3Il0sWyJDaHJvbWl1bSIsIjE0NS4wLjc2MzIuMTE3Il1dLDFd&#038;abgtt=6&#038;dt=1772452256228&#038;bpp=5&#038;bdt=2047&#038;idt=5&#038;shv=r20260225&#038;mjsv=m202602260101&#038;ptt=9&#038;saldr=aa&#038;abxe=1&#038;cookie=ID%3Db659817de5797c63%3AT%3D1757941855%3ART%3D1772452254%3AS%3DALNI_MZoIeHIZnXkzz-fgvz1uUeBBsrAfQ&#038;gpic=UID%3D0000114361262f80%3AT%3D1757941855%3ART%3D1772452254%3AS%3DALNI_MbOK2fCJxAdR0Mrqkt8tncwEk-EuQ&#038;eo_id_str=ID%3Dea57bff391a1fdd3%3AT%3D1757941855%3ART%3D1772452254%3AS%3DAA-AfjZWpgiV2v7R3EtXIXL6oEB6&#038;prev_fmts=0x0%2C160x600%2C1351x617%2C839x280%2C839x280&#038;nras=5&#038;correlator=5310524353270&#038;frm=20&#038;pv=1&#038;u_tz=-180&#038;u_his=8&#038;u_h=768&#038;u_w=1366&#038;u_ah=738&#038;u_aw=1366&#038;u_cd=32&#038;u_sd=1&#038;dmc=2&#038;adx=39&#038;ady=2113&#038;biw=1351&#038;bih=617&#038;scr_x=0&#038;scr_y=0&#038;eid=31096983%2C95378429%2C95382853%2C95383860%2C31096975%2C95372614%2C95384355%2C95373848&#038;oid=2&#038;pvsid=771219687860033&#038;tmod=2104613169&#038;uas=3&#038;nvt=1&#038;ref=https%3A%2F%2Fwww.eldiariodelapampa.com.ar%2F&#038;fc=1408&#038;brdim=0%2C0%2C0%2C0%2C1366%2C0%2C1366%2C738%2C1366%2C617&#038;vis=1&#038;rsz=%7C%7Cs%7C&#038;abl=NS&#038;fu=128&#038;bc=31&#038;bz=1&#038;num_ads=1&#038;ifi=6&#038;uci=a!6&#038;btvi=3&#038;fsb=1&#038;dtd=707<\/p>\n\n\n\n<p>Por eso te condenan: No por trata de personas, sino por tratar a los humildes coomo personas: Hiciste m\u00e1s de 100 casas sociales; asfaltaste todo tu pueblo empezando por los barrios mas humildes; hiciste una terminal de colectivos 20 a\u00f1os adelantada a su tiempo; le diste dignidad a los j\u00f3venes humildes con becas estudiantiles; en 25 de Mayo no faltaba el trabajo por que tu gesti\u00f3n frente al petroleo era excelente y hasta festejabas el dia del ni\u00f1o sin que a ninguno le falte un regalo en todo el pueblo.&nbsp;<\/p>\n\n\n\n<p>Todo eso lograste. Y por todo eso te condenan.&nbsp;<\/p>\n\n\n\n<p>Merece parrafo aparte para los que te quieren condenado por \u00e9stas injustas razones, o los que no hicieron nada para evitarlo; para mi, son lo mismo por que \u00aba los tibios los vomita Dios\u00bb.<\/p>\n\n\n\n<p>A todos ellos les digo, dentro del marco del la ley y el orden, tanto yo como todos los que sabemos lo que es y lo que representa David Bravo: los vamos a perseguir de por vida. Felicitaciones por la batalla que ganaron. Prep\u00e1rense bien preparados para lo que viene.&nbsp; &nbsp;porque ac\u00e1 nadie se rinde, nadie se olvida y no han podido matar a David Bravo ni los sentimientos que despierta.<\/p>\n\n\n\n<p>https:\/\/googleads.g.doubleclick.net\/pagead\/ads?client=ca-pub-6403813037603277&#038;output=html&#038;h=280&#038;adk=1909521250&#038;adf=3841915199&#038;pi=t.aa~a.2470000188~i.18~rp.4&#038;w=839&#038;fwrn=4&#038;fwrnh=100&#038;lmt=1772452273&#038;rafmt=1&#038;armr=3&#038;sem=mc&#038;pwprc=4381023474&#038;ad_type=text_image&#038;format=839&#215;280&#038;url=https%3A%2F%2Fwww.eldiariodelapampa.com.ar%2Fla-pampa%2F70312%2Ffuerte-defensa-a-david-bravo-de-un-abogado-del-pj&#8211;los-vamos-a-perseguir-toda-la-vida%23google_vignette&#038;fwr=0&#038;pra=3&#038;rh=200&#038;rw=839&#038;rpe=1&#038;resp_fmts=3&#038;aieuf=1&#038;aicrs=1&#038;fa=27&#038;uach=WyJXaW5kb3dzIiwiMTAuMC4wIiwieDg2IiwiIiwiMTQ1LjAuNzYzMi4xMTciLG51bGwsMCxudWxsLCI2NCIsW1siTm90OkEtQnJhbmQiLCI5OS4wLjAuMCJdLFsiR29vZ2xlIENocm9tZSIsIjE0NS4wLjc2MzIuMTE3Il0sWyJDaHJvbWl1bSIsIjE0NS4wLjc2MzIuMTE3Il1dLDFd&#038;abgtt=6&#038;dt=1772452256250&#038;bpp=2&#038;bdt=2068&#038;idt=2&#038;shv=r20260225&#038;mjsv=m202602260101&#038;ptt=9&#038;saldr=aa&#038;abxe=1&#038;cookie=ID%3Db659817de5797c63%3AT%3D1757941855%3ART%3D1772452254%3AS%3DALNI_MZoIeHIZnXkzz-fgvz1uUeBBsrAfQ&#038;gpic=UID%3D0000114361262f80%3AT%3D1757941855%3ART%3D1772452254%3AS%3DALNI_MbOK2fCJxAdR0Mrqkt8tncwEk-EuQ&#038;eo_id_str=ID%3Dea57bff391a1fdd3%3AT%3D1757941855%3ART%3D1772452254%3AS%3DAA-AfjZWpgiV2v7R3EtXIXL6oEB6&#038;prev_fmts=0x0%2C160x600%2C1351x617%2C839x280%2C839x280%2C839x280&#038;nras=6&#038;correlator=5310524353270&#038;frm=20&#038;pv=1&#038;u_tz=-180&#038;u_his=9&#038;u_h=768&#038;u_w=1366&#038;u_ah=738&#038;u_aw=1366&#038;u_cd=32&#038;u_sd=1&#038;dmc=2&#038;adx=39&#038;ady=2509&#038;biw=1351&#038;bih=617&#038;scr_x=0&#038;scr_y=43&#038;eid=31096983%2C95378429%2C95382853%2C95383860%2C31096975%2C95372614%2C95384355%2C95373848&#038;oid=2&#038;pvsid=771219687860033&#038;tmod=2104613169&#038;uas=1&#038;nvt=1&#038;ref=https%3A%2F%2Fwww.eldiariodelapampa.com.ar%2F&#038;fc=1408&#038;brdim=0%2C0%2C0%2C0%2C1366%2C0%2C1366%2C738%2C1366%2C617&#038;vis=1&#038;rsz=%7C%7Cs%7C&#038;abl=NS&#038;fu=128&#038;bc=31&#038;bz=1&#038;num_ads=1&#038;ifi=7&#038;uci=a!7&#038;btvi=4&#038;fsb=1&#038;dtd=17050<\/p>\n\n\n\n<p>No s\u00e9 si somos muchos o pocos, pero ac\u00e1 en los videos nos pueden ir contando\u00bb.&nbsp;<\/p>\n\n\n\n<figure class=\"wp-block-image\"><img decoding=\"async\" src=\"https:\/\/www.eldiariodelapampa.com.ar\/\/img\/publicaciones\/2026\/03\/01\/alta\/881521-t.jpg\" alt=\"\" \/><\/figure>\n\n\n\n<p>Luego de 13 a\u00f1os de periplo judicial, el exjefe comunal de 25 de Mayo fue arrestado este viernes en su domicilio. Deber\u00e1 cumplir una pena efectiva de cinco a\u00f1os de prisi\u00f3n como part\u00edcipe necesario en la explotaci\u00f3n sexual de mujeres en el cabaret \u00abVenus\u00bb.<\/p>\n\n\n\n<p>Tal como dio a conocer El Diario en exclusiva, con las firmas de los jueces Ricardo Lorenzetti, Carlos Rosenkrantz y Horacio Rosatti, el m\u00e1ximo tribunal del pa\u00eds declar\u00f3 \u00abinadmisible\u00bb el planteo de Bravo, dejando firme la sentencia que lo considera part\u00edcipe necesario del delito de trata de personas.<\/p>\n\n\n\n<p>El caso<\/p>\n\n\n\n<p>La investigaci\u00f3n se inici\u00f3 en 2011, a partir de la denuncia de una mujer que trabajaba en el cabaret \u00abVenus\u00bb. La v\u00edctima alert\u00f3 a Migraciones sobre la explotaci\u00f3n sexual de mujeres bajo condiciones de extrema vulnerabilidad. En febrero de 2023, la justicia concluy\u00f3 que Bravo, desde su rol de intendente, facilit\u00f3 el funcionamiento del lugar y obtuvo provecho econ\u00f3mico del comercio sexual desarrollado entre diciembre de 2011 y octubre de 2012.<\/p>\n\n\n\n<p>La sentencia original del TOF \u2014confirmada previamente por la C\u00e1mara de Casaci\u00f3n y ahora por la Corte\u2014 establece para Bravo una pena de 5 a\u00f1os de prisi\u00f3n, adem\u00e1s de accesorias legales y costas. Junto a \u00e9l, tambi\u00e9n fue condenada la due\u00f1a del local nocturno, Nurys Caraballo Castillo.<\/p>\n\n\n\n<p>Para los jueces, qued\u00f3 probado que Bravo fue un eslab\u00f3n clave en la estructura que permit\u00eda el \u00abacogimiento de mujeres mayores de 18 a\u00f1os con fines de explotaci\u00f3n sexual\u00bb, agravado por haberse cometido en perjuicio de m\u00e1s de tres v\u00edctimas.<\/p>\n\n\n\n<p>eldiariodelapampa.<\/p>\n","protected":false},"excerpt":{"rendered":"<p>El abogado Diego Beltramino, asesor legal de la Municipalidad de Algarrobo del Aguila realiz\u00f3 una&#8230;<\/p>\n","protected":false},"author":2,"featured_media":12443,"comment_status":"closed","ping_status":"closed","sticky":false,"template":"","format":"standard","meta":{"_jetpack_memberships_contains_paid_content":false,"footnotes":"","jetpack_publicize_message":"Fuerte defensa a David Bravo de un abogado del PJ: \"los vamos a perseguir toda la vida\"","jetpack_publicize_feature_enabled":true,"jetpack_social_post_already_shared":false,"jetpack_social_options":{"image_generator_settings":{"template":"highway","default_image_id":0,"font":"","enabled":false},"version":2}},"categories":[122],"tags":[],"class_list":["post-12441","post","type-post","status-publish","format-standard","has-post-thumbnail","hentry","category-politica"],"yoast_head":"<!-- This site is optimized with the Yoast SEO plugin v27.4 - https:\/\/yoast.com\/product\/yoast-seo-wordpress\/ -->\n<title>Fuerte defensa a David Bravo de un abogado del PJ: &quot;los vamos a perseguir toda la vida&quot; -<\/title>\n<meta name=\"robots\" content=\"index, follow, max-snippet:-1, max-image-preview:large, max-video-preview:-1\" \/>\n<link rel=\"canonical\" href=\"https:\/\/impactocastex.com.ar\/?p=12441\" \/>\n<meta property=\"og:locale\" content=\"es_ES\" \/>\n<meta property=\"og:type\" content=\"article\" \/>\n<meta property=\"og:title\" content=\"Fuerte defensa a David Bravo de un abogado del PJ: &quot;los vamos a perseguir toda la vida&quot; -\" \/>\n<meta property=\"og:description\" content=\"El abogado Diego Beltramino, asesor legal de la Municipalidad de Algarrobo del Aguila realiz\u00f3 una...\" \/>\n<meta property=\"og:url\" content=\"https:\/\/impactocastex.com.ar\/?p=12441\" \/>\n<meta property=\"article:publisher\" content=\"https:\/\/www.facebook.com\/impactocastexdiario\" \/>\n<meta property=\"article:published_time\" content=\"2026-03-02T11:52:20+00:00\" \/>\n<meta property=\"article:modified_time\" content=\"2026-03-02T11:52:22+00:00\" \/>\n<meta property=\"og:image\" content=\"https:\/\/impactocastex.com.ar\/wp-content\/uploads\/2026\/03\/2136280.jpg\" \/>\n\t<meta property=\"og:image:width\" content=\"1200\" \/>\n\t<meta property=\"og:image:height\" content=\"631\" \/>\n\t<meta property=\"og:image:type\" content=\"image\/jpeg\" \/>\n<meta name=\"author\" content=\"impactocastex\" \/>\n<meta name=\"twitter:card\" content=\"summary_large_image\" \/>\n<meta name=\"twitter:label1\" content=\"Escrito por\" \/>\n\t<meta name=\"twitter:data1\" content=\"impactocastex\" \/>\n\t<meta name=\"twitter:label2\" content=\"Tiempo de lectura\" \/>\n\t<meta name=\"twitter:data2\" content=\"4 minutos\" \/>\n<script type=\"application\/ld+json\" class=\"yoast-schema-graph\">{\"@context\":\"https:\\\/\\\/schema.org\",\"@graph\":[{\"@type\":\"Article\",\"@id\":\"https:\\\/\\\/impactocastex.com.ar\\\/?p=12441#article\",\"isPartOf\":{\"@id\":\"https:\\\/\\\/impactocastex.com.ar\\\/?p=12441\"},\"author\":{\"name\":\"impactocastex\",\"@id\":\"https:\\\/\\\/impactocastex.com.ar\\\/#\\\/schema\\\/person\\\/c115028fb60f9bf49ce7550894b84ea7\"},\"headline\":\"Fuerte defensa a David Bravo de un abogado del PJ: \u00ablos vamos a perseguir toda la vida\u00bb\",\"datePublished\":\"2026-03-02T11:52:20+00:00\",\"dateModified\":\"2026-03-02T11:52:22+00:00\",\"mainEntityOfPage\":{\"@id\":\"https:\\\/\\\/impactocastex.com.ar\\\/?p=12441\"},\"wordCount\":2043,\"publisher\":{\"@id\":\"https:\\\/\\\/impactocastex.com.ar\\\/#organization\"},\"image\":{\"@id\":\"https:\\\/\\\/impactocastex.com.ar\\\/?p=12441#primaryimage\"},\"thumbnailUrl\":\"https:\\\/\\\/impactocastex.com.ar\\\/wp-content\\\/uploads\\\/2026\\\/03\\\/2136280.jpg\",\"articleSection\":[\"POLITICA\"],\"inLanguage\":\"es\"},{\"@type\":\"WebPage\",\"@id\":\"https:\\\/\\\/impactocastex.com.ar\\\/?p=12441\",\"url\":\"https:\\\/\\\/impactocastex.com.ar\\\/?p=12441\",\"name\":\"Fuerte defensa a David Bravo de un abogado del PJ: \\\"los vamos a perseguir toda la vida\\\" -\",\"isPartOf\":{\"@id\":\"https:\\\/\\\/impactocastex.com.ar\\\/#website\"},\"primaryImageOfPage\":{\"@id\":\"https:\\\/\\\/impactocastex.com.ar\\\/?p=12441#primaryimage\"},\"image\":{\"@id\":\"https:\\\/\\\/impactocastex.com.ar\\\/?p=12441#primaryimage\"},\"thumbnailUrl\":\"https:\\\/\\\/impactocastex.com.ar\\\/wp-content\\\/uploads\\\/2026\\\/03\\\/2136280.jpg\",\"datePublished\":\"2026-03-02T11:52:20+00:00\",\"dateModified\":\"2026-03-02T11:52:22+00:00\",\"breadcrumb\":{\"@id\":\"https:\\\/\\\/impactocastex.com.ar\\\/?p=12441#breadcrumb\"},\"inLanguage\":\"es\",\"potentialAction\":[{\"@type\":\"ReadAction\",\"target\":[\"https:\\\/\\\/impactocastex.com.ar\\\/?p=12441\"]}]},{\"@type\":\"ImageObject\",\"inLanguage\":\"es\",\"@id\":\"https:\\\/\\\/impactocastex.com.ar\\\/?p=12441#primaryimage\",\"url\":\"https:\\\/\\\/impactocastex.com.ar\\\/wp-content\\\/uploads\\\/2026\\\/03\\\/2136280.jpg\",\"contentUrl\":\"https:\\\/\\\/impactocastex.com.ar\\\/wp-content\\\/uploads\\\/2026\\\/03\\\/2136280.jpg\",\"width\":1200,\"height\":631},{\"@type\":\"BreadcrumbList\",\"@id\":\"https:\\\/\\\/impactocastex.com.ar\\\/?p=12441#breadcrumb\",\"itemListElement\":[{\"@type\":\"ListItem\",\"position\":1,\"name\":\"Portada\",\"item\":\"https:\\\/\\\/impactocastex.com.ar\\\/\"},{\"@type\":\"ListItem\",\"position\":2,\"name\":\"Fuerte defensa a David Bravo de un abogado del PJ: &#8220;los vamos a perseguir toda la vida&#8221;\"}]},{\"@type\":\"WebSite\",\"@id\":\"https:\\\/\\\/impactocastex.com.ar\\\/#website\",\"url\":\"https:\\\/\\\/impactocastex.com.ar\\\/\",\"name\":\"Impacto Castex\",\"description\":\"\",\"publisher\":{\"@id\":\"https:\\\/\\\/impactocastex.com.ar\\\/#organization\"},\"potentialAction\":[{\"@type\":\"SearchAction\",\"target\":{\"@type\":\"EntryPoint\",\"urlTemplate\":\"https:\\\/\\\/impactocastex.com.ar\\\/?s={search_term_string}\"},\"query-input\":{\"@type\":\"PropertyValueSpecification\",\"valueRequired\":true,\"valueName\":\"search_term_string\"}}],\"inLanguage\":\"es\"},{\"@type\":\"Organization\",\"@id\":\"https:\\\/\\\/impactocastex.com.ar\\\/#organization\",\"name\":\"Impacto Castex\",\"url\":\"https:\\\/\\\/impactocastex.com.ar\\\/\",\"logo\":{\"@type\":\"ImageObject\",\"inLanguage\":\"es\",\"@id\":\"https:\\\/\\\/impactocastex.com.ar\\\/#\\\/schema\\\/logo\\\/image\\\/\",\"url\":\"https:\\\/\\\/impactocastex.com.ar\\\/wp-content\\\/uploads\\\/2025\\\/09\\\/cropped-icoweb.png\",\"contentUrl\":\"https:\\\/\\\/impactocastex.com.ar\\\/wp-content\\\/uploads\\\/2025\\\/09\\\/cropped-icoweb.png\",\"width\":512,\"height\":512,\"caption\":\"Impacto Castex\"},\"image\":{\"@id\":\"https:\\\/\\\/impactocastex.com.ar\\\/#\\\/schema\\\/logo\\\/image\\\/\"},\"sameAs\":[\"https:\\\/\\\/www.facebook.com\\\/impactocastexdiario\",\"https:\\\/\\\/www.instagram.com\\\/impactocastex.com.ar\\\/\"]},{\"@type\":\"Person\",\"@id\":\"https:\\\/\\\/impactocastex.com.ar\\\/#\\\/schema\\\/person\\\/c115028fb60f9bf49ce7550894b84ea7\",\"name\":\"impactocastex\",\"image\":{\"@type\":\"ImageObject\",\"inLanguage\":\"es\",\"@id\":\"https:\\\/\\\/secure.gravatar.com\\\/avatar\\\/fee87e7af008f02e9becdc0b5a9fd4a2e79b3918a571edeacb62211704637833?s=96&d=mm&r=g\",\"url\":\"https:\\\/\\\/secure.gravatar.com\\\/avatar\\\/fee87e7af008f02e9becdc0b5a9fd4a2e79b3918a571edeacb62211704637833?s=96&d=mm&r=g\",\"contentUrl\":\"https:\\\/\\\/secure.gravatar.com\\\/avatar\\\/fee87e7af008f02e9becdc0b5a9fd4a2e79b3918a571edeacb62211704637833?s=96&d=mm&r=g\",\"caption\":\"impactocastex\"},\"sameAs\":[\"https:\\\/\\\/impactocastex.com.ar\\\/\"],\"url\":\"https:\\\/\\\/impactocastex.com.ar\\\/?author=2\"}]}<\/script>\n<!-- \/ Yoast SEO plugin. -->","yoast_head_json":{"title":"Fuerte defensa a David Bravo de un abogado del PJ: \"los vamos a perseguir toda la vida\" -","robots":{"index":"index","follow":"follow","max-snippet":"max-snippet:-1","max-image-preview":"max-image-preview:large","max-video-preview":"max-video-preview:-1"},"canonical":"https:\/\/impactocastex.com.ar\/?p=12441","og_locale":"es_ES","og_type":"article","og_title":"Fuerte defensa a David Bravo de un abogado del PJ: \"los vamos a perseguir toda la vida\" -","og_description":"El abogado Diego Beltramino, asesor legal de la Municipalidad de Algarrobo del Aguila realiz\u00f3 una...","og_url":"https:\/\/impactocastex.com.ar\/?p=12441","article_publisher":"https:\/\/www.facebook.com\/impactocastexdiario","article_published_time":"2026-03-02T11:52:20+00:00","article_modified_time":"2026-03-02T11:52:22+00:00","og_image":[{"width":1200,"height":631,"url":"https:\/\/impactocastex.com.ar\/wp-content\/uploads\/2026\/03\/2136280.jpg","type":"image\/jpeg"}],"author":"impactocastex","twitter_card":"summary_large_image","twitter_misc":{"Escrito por":"impactocastex","Tiempo de lectura":"4 minutos"},"schema":{"@context":"https:\/\/schema.org","@graph":[{"@type":"Article","@id":"https:\/\/impactocastex.com.ar\/?p=12441#article","isPartOf":{"@id":"https:\/\/impactocastex.com.ar\/?p=12441"},"author":{"name":"impactocastex","@id":"https:\/\/impactocastex.com.ar\/#\/schema\/person\/c115028fb60f9bf49ce7550894b84ea7"},"headline":"Fuerte defensa a David Bravo de un abogado del PJ: \u00ablos vamos a perseguir toda la vida\u00bb","datePublished":"2026-03-02T11:52:20+00:00","dateModified":"2026-03-02T11:52:22+00:00","mainEntityOfPage":{"@id":"https:\/\/impactocastex.com.ar\/?p=12441"},"wordCount":2043,"publisher":{"@id":"https:\/\/impactocastex.com.ar\/#organization"},"image":{"@id":"https:\/\/impactocastex.com.ar\/?p=12441#primaryimage"},"thumbnailUrl":"https:\/\/impactocastex.com.ar\/wp-content\/uploads\/2026\/03\/2136280.jpg","articleSection":["POLITICA"],"inLanguage":"es"},{"@type":"WebPage","@id":"https:\/\/impactocastex.com.ar\/?p=12441","url":"https:\/\/impactocastex.com.ar\/?p=12441","name":"Fuerte defensa a David Bravo de un abogado del PJ: \"los vamos a perseguir toda la vida\" -","isPartOf":{"@id":"https:\/\/impactocastex.com.ar\/#website"},"primaryImageOfPage":{"@id":"https:\/\/impactocastex.com.ar\/?p=12441#primaryimage"},"image":{"@id":"https:\/\/impactocastex.com.ar\/?p=12441#primaryimage"},"thumbnailUrl":"https:\/\/impactocastex.com.ar\/wp-content\/uploads\/2026\/03\/2136280.jpg","datePublished":"2026-03-02T11:52:20+00:00","dateModified":"2026-03-02T11:52:22+00:00","breadcrumb":{"@id":"https:\/\/impactocastex.com.ar\/?p=12441#breadcrumb"},"inLanguage":"es","potentialAction":[{"@type":"ReadAction","target":["https:\/\/impactocastex.com.ar\/?p=12441"]}]},{"@type":"ImageObject","inLanguage":"es","@id":"https:\/\/impactocastex.com.ar\/?p=12441#primaryimage","url":"https:\/\/impactocastex.com.ar\/wp-content\/uploads\/2026\/03\/2136280.jpg","contentUrl":"https:\/\/impactocastex.com.ar\/wp-content\/uploads\/2026\/03\/2136280.jpg","width":1200,"height":631},{"@type":"BreadcrumbList","@id":"https:\/\/impactocastex.com.ar\/?p=12441#breadcrumb","itemListElement":[{"@type":"ListItem","position":1,"name":"Portada","item":"https:\/\/impactocastex.com.ar\/"},{"@type":"ListItem","position":2,"name":"Fuerte defensa a David Bravo de un abogado del PJ: &#8220;los vamos a perseguir toda la vida&#8221;"}]},{"@type":"WebSite","@id":"https:\/\/impactocastex.com.ar\/#website","url":"https:\/\/impactocastex.com.ar\/","name":"Impacto Castex","description":"","publisher":{"@id":"https:\/\/impactocastex.com.ar\/#organization"},"potentialAction":[{"@type":"SearchAction","target":{"@type":"EntryPoint","urlTemplate":"https:\/\/impactocastex.com.ar\/?s={search_term_string}"},"query-input":{"@type":"PropertyValueSpecification","valueRequired":true,"valueName":"search_term_string"}}],"inLanguage":"es"},{"@type":"Organization","@id":"https:\/\/impactocastex.com.ar\/#organization","name":"Impacto Castex","url":"https:\/\/impactocastex.com.ar\/","logo":{"@type":"ImageObject","inLanguage":"es","@id":"https:\/\/impactocastex.com.ar\/#\/schema\/logo\/image\/","url":"https:\/\/impactocastex.com.ar\/wp-content\/uploads\/2025\/09\/cropped-icoweb.png","contentUrl":"https:\/\/impactocastex.com.ar\/wp-content\/uploads\/2025\/09\/cropped-icoweb.png","width":512,"height":512,"caption":"Impacto Castex"},"image":{"@id":"https:\/\/impactocastex.com.ar\/#\/schema\/logo\/image\/"},"sameAs":["https:\/\/www.facebook.com\/impactocastexdiario","https:\/\/www.instagram.com\/impactocastex.com.ar\/"]},{"@type":"Person","@id":"https:\/\/impactocastex.com.ar\/#\/schema\/person\/c115028fb60f9bf49ce7550894b84ea7","name":"impactocastex","image":{"@type":"ImageObject","inLanguage":"es","@id":"https:\/\/secure.gravatar.com\/avatar\/fee87e7af008f02e9becdc0b5a9fd4a2e79b3918a571edeacb62211704637833?s=96&d=mm&r=g","url":"https:\/\/secure.gravatar.com\/avatar\/fee87e7af008f02e9becdc0b5a9fd4a2e79b3918a571edeacb62211704637833?s=96&d=mm&r=g","contentUrl":"https:\/\/secure.gravatar.com\/avatar\/fee87e7af008f02e9becdc0b5a9fd4a2e79b3918a571edeacb62211704637833?s=96&d=mm&r=g","caption":"impactocastex"},"sameAs":["https:\/\/impactocastex.com.ar\/"],"url":"https:\/\/impactocastex.com.ar\/?author=2"}]}},"jetpack_publicize_connections":[],"featured_image_urls":{"full":["https:\/\/impactocastex.com.ar\/wp-content\/uploads\/2026\/03\/2136280.jpg",1200,631,false],"thumbnail":["https:\/\/impactocastex.com.ar\/wp-content\/uploads\/2026\/03\/2136280-150x150.jpg",150,150,true],"medium":["https:\/\/impactocastex.com.ar\/wp-content\/uploads\/2026\/03\/2136280-300x158.jpg",300,158,true],"medium_large":["https:\/\/impactocastex.com.ar\/wp-content\/uploads\/2026\/03\/2136280-768x404.jpg",640,337,true],"large":["https:\/\/impactocastex.com.ar\/wp-content\/uploads\/2026\/03\/2136280-1024x538.jpg",640,336,true],"1536x1536":["https:\/\/impactocastex.com.ar\/wp-content\/uploads\/2026\/03\/2136280.jpg",1200,631,false],"2048x2048":["https:\/\/impactocastex.com.ar\/wp-content\/uploads\/2026\/03\/2136280.jpg",1200,631,false],"newsever-slider-full":["https:\/\/impactocastex.com.ar\/wp-content\/uploads\/2026\/03\/2136280.jpg",1200,631,false],"newsever-featured":["https:\/\/impactocastex.com.ar\/wp-content\/uploads\/2026\/03\/2136280-1024x538.jpg",1024,538,true],"newsever-medium":["https:\/\/impactocastex.com.ar\/wp-content\/uploads\/2026\/03\/2136280-720x475.jpg",720,475,true]},"author_info":{"info":["impactocastex"]},"category_info":"<a href=\"https:\/\/impactocastex.com.ar\/?cat=122\" rel=\"category\">POLITICA<\/a>","tag_info":"POLITICA","comment_count":0,"jetpack_featured_media_url":"https:\/\/impactocastex.com.ar\/wp-content\/uploads\/2026\/03\/2136280.jpg","jetpack_sharing_enabled":true,"jetpack_likes_enabled":true,"jetpack_shortlink":"https:\/\/wp.me\/p7sopA-3eF","_links":{"self":[{"href":"https:\/\/impactocastex.com.ar\/index.php?rest_route=\/wp\/v2\/posts\/12441","targetHints":{"allow":["GET"]}}],"collection":[{"href":"https:\/\/impactocastex.com.ar\/index.php?rest_route=\/wp\/v2\/posts"}],"about":[{"href":"https:\/\/impactocastex.com.ar\/index.php?rest_route=\/wp\/v2\/types\/post"}],"author":[{"embeddable":true,"href":"https:\/\/impactocastex.com.ar\/index.php?rest_route=\/wp\/v2\/users\/2"}],"replies":[{"embeddable":true,"href":"https:\/\/impactocastex.com.ar\/index.php?rest_route=%2Fwp%2Fv2%2Fcomments&post=12441"}],"version-history":[{"count":1,"href":"https:\/\/impactocastex.com.ar\/index.php?rest_route=\/wp\/v2\/posts\/12441\/revisions"}],"predecessor-version":[{"id":12444,"href":"https:\/\/impactocastex.com.ar\/index.php?rest_route=\/wp\/v2\/posts\/12441\/revisions\/12444"}],"wp:featuredmedia":[{"embeddable":true,"href":"https:\/\/impactocastex.com.ar\/index.php?rest_route=\/wp\/v2\/media\/12443"}],"wp:attachment":[{"href":"https:\/\/impactocastex.com.ar\/index.php?rest_route=%2Fwp%2Fv2%2Fmedia&parent=12441"}],"wp:term":[{"taxonomy":"category","embeddable":true,"href":"https:\/\/impactocastex.com.ar\/index.php?rest_route=%2Fwp%2Fv2%2Fcategories&post=12441"},{"taxonomy":"post_tag","embeddable":true,"href":"https:\/\/impactocastex.com.ar\/index.php?rest_route=%2Fwp%2Fv2%2Ftags&post=12441"}],"curies":[{"name":"wp","href":"https:\/\/api.w.org\/{rel}","templated":true}]}}