{"id":12438,"date":"2026-03-02T08:50:31","date_gmt":"2026-03-02T11:50:31","guid":{"rendered":"https:\/\/impactocastex.com.ar\/?p=12438"},"modified":"2026-03-02T08:50:33","modified_gmt":"2026-03-02T11:50:33","slug":"ziliotto-lanzo-un-plan-productivo-con-10-medidas-en-la-apertura-de-sesiones-de-la-camara-de-diputados","status":"publish","type":"post","link":"https:\/\/impactocastex.com.ar\/?p=12438","title":{"rendered":"Ziliotto lanz\u00f3 un Plan Productivo con 10 medidas en la apertura de sesiones de la C\u00e1mara de Diputados"},"content":{"rendered":"\n<p><strong>El gobernador adelant\u00f3 adem\u00e1s que gestionar\u00e1n la red vial que incluye las rutas nacionales y su mantenimiento con los fondos de la deuda de Naci\u00f3n.\u00a0<\/strong>Fuerte defensa de la gesti\u00f3n provincial y cuestionamientos al \u00ababandono\u00bb del Gobierno nacional.<\/p>\n\n\n\n<p>El gobernador Sergio Ziliotto encabez\u00f3 este domingo el acto oficial de apertura del per\u00edodo de sesiones ordinarias 2026 en la C\u00e1mara de Diputados.&nbsp;<\/p>\n\n\n\n<figure class=\"wp-block-embed is-type-video is-provider-youtube wp-block-embed-youtube wp-embed-aspect-16-9 wp-has-aspect-ratio\"><div class=\"wp-block-embed__wrapper\">\n<iframe loading=\"lazy\" title=\"El gobernador Sergio Ziliotto abri\u00f3 el per\u00edodo de sesiones ordinarias en la C\u00e1mara de Diputados.\" width=\"640\" height=\"360\" src=\"https:\/\/www.youtube.com\/embed\/XxsEskX7yU4?feature=oembed\" frameborder=\"0\" allow=\"accelerometer; autoplay; clipboard-write; encrypted-media; gyroscope; picture-in-picture; web-share\" referrerpolicy=\"strict-origin-when-cross-origin\" allowfullscreen><\/iframe>\n<\/div><\/figure>\n\n\n\n<figure class=\"wp-block-image\"><img decoding=\"async\" src=\"https:\/\/www.eldiariodelapampa.com.ar\/\/img\/publicaciones\/2026\/03\/01\/alta\/881567-t.jpg\" alt=\"\" \/><\/figure>\n\n\n\n<p>El gobernador ingres\u00f3 al recinto acompa\u00f1ado por Mayoral y la Comisi\u00f3n de Recepci\u00f3n, integrada por los presidentes de cada bloque.&nbsp;<strong>Resalt\u00f3 la ausencia de Sandra Fonseca y Maximiliano Aliaga, del bloque Comunidad Organizada.&nbsp;<\/strong>Tampoco estuvieron los legisladores nacionales de la oposici\u00f3n, que eligieron quedarse en Buenos Aires para estar en la Asamblea Legislativa que encabezar\u00e1 el presidente Javier Milei.<\/p>\n\n\n\n<figure class=\"wp-block-image\"><img decoding=\"async\" src=\"https:\/\/www.eldiariodelapampa.com.ar\/\/img\/publicaciones\/2026\/03\/01\/alta\/881575-t.jpg\" alt=\"\" \/><\/figure>\n\n\n\n<p>Ziliotto deline\u00f3 los ejes de su gesti\u00f3n en un contexto que defini\u00f3 como complejo, marcado por el \u00ababandono nacional\u00bb y la \u00abca\u00edda de la actividad econ\u00f3mica\u00bb. Frente a ello, present\u00f3 las l\u00edneas centrales de su administraci\u00f3n para el a\u00f1o, con un fuerte \u00e9nfasis en lo productivo y lo social.<\/p>\n\n\n\n<p>El gobernador realiz\u00f3 un pormenorizado repaso de las finanzas provinciales. Detall\u00f3 que en 2025 los ingresos crecieron un 37,6% mientras que los gastos lo hicieron un 51,2%, desfase que fue cubierto en un 75% con mayor eficiencia y el resto con reservas, las cuales, advirti\u00f3, se han deteriorado por la deuda del gobierno nacional.<\/p>\n\n\n\n<p>Defendi\u00f3 el incremento salarial otorgado a los estatales (42,3% en 2025), al que defini\u00f3 como muy por encima de la media nacional y de otras provincias, aunque reconoci\u00f3 la \u00abnotable p\u00e9rdida de su poder adquisitivo\u00bb por el contexto inflacionario.<\/p>\n\n\n\n<figure class=\"wp-block-image\"><img decoding=\"async\" src=\"https:\/\/www.eldiariodelapampa.com.ar\/\/img\/publicaciones\/2026\/03\/01\/alta\/881578-t.jpg\" alt=\"\" \/><\/figure>\n\n\n\n<p><strong><em>Plan Productivo y 10 nuevas medidas.<\/em><\/strong><\/p>\n\n\n\n<p>El eje central del anuncio fue la presentaci\u00f3n del \u00abPlan de Desarrollo Econ\u00f3mico y Productivo 2026-2030\u00bb, una hoja de ruta que busca \u00abdiversificar la matriz productiva, agregar valor y fomentar las exportaciones\u00bb. Ziliotto respald\u00f3 el modelo en estad\u00edsticas de la CEPAL y el INDEC que, seg\u00fan indic\u00f3, ubican a La Pampa entre las provincias con mayor crecimiento y tasa de empleo.<\/p>\n\n\n\n<p>En ese marco, anunci\u00f3 un paquete de 10 nuevas medidas de incentivo a la producci\u00f3n, entre las que se destacan:<\/p>\n\n\n\n<p>&#8211;&nbsp;<strong>Cr\u00e9ditos productivos bonificados<\/strong>: desde abril, los nuevos cr\u00e9ditos del Banco de La Pampa para inversi\u00f3n productiva estar\u00e1n exentos de Ingresos Brutos y Sellos, reduciendo el costo financiero en un 10%.<\/p>\n\n\n\n<p>&#8211;&nbsp;<strong>Incentivos fiscales para software y energ\u00eda<\/strong>: un proyecto de ley propondr\u00e1 que los desarrolladores de software y proveedores de insumos para energ\u00eda distribuida puedan compensar impuestos provinciales con los sueldos pagados.<\/p>\n\n\n\n<p>&#8211;&nbsp;<strong>Cr\u00e9dito fiscal para educaci\u00f3n t\u00e9cnica<\/strong>: las empresas que aporten a la formaci\u00f3n de recurso humano calificado podr\u00e1n cancelar tributos provinciales.<\/p>\n\n\n\n<p>&#8211;&nbsp;<strong>Nuevos parques productivos<\/strong>: se anunci\u00f3 la ampliaci\u00f3n del Parque Agroalimentario de Santa Rosa y el env\u00edo a la Legislatura de un proyecto para crear el Parque de Actividades Econ\u00f3micas de General Pico, en articulaci\u00f3n p\u00fablico-privada.<\/p>\n\n\n\n<p>&#8211;&nbsp;<strong>Financiamiento para PyMEs y j\u00f3venes<\/strong>: se implementar\u00e1n cr\u00e9ditos para la transici\u00f3n energ\u00e9tica, un fondo de capital semilla para proyectos educativos, y el programa de becas \u00abIniciar\u00bb para que estudiantes universitarios se vinculen con empresas locales.<\/p>\n\n\n\n<figure class=\"wp-block-image\"><img decoding=\"async\" src=\"https:\/\/www.eldiariodelapampa.com.ar\/\/img\/publicaciones\/2026\/03\/01\/alta\/881576-t.jpg\" alt=\"\" \/><\/figure>\n\n\n\n<p><strong><em>Infraestructura, energ\u00eda y Banco de La Pampa.<\/em><\/strong><\/p>\n\n\n\n<p>En materia vial, Ziliotto confirm\u00f3 que acordaron con el gobierno nacional discutir un convenio para la gesti\u00f3n de 1.400 kil\u00f3metros de la red estrat\u00e9gica y adelant\u00f3 que la deuda por obras p\u00fablicas con la provincia se destinar\u00e1 a reparar rutas. Cuestion\u00f3 la idea de financiar rutas de bajo tr\u00e1nsito con peajes.<\/p>\n\n\n\n<p>En el sector energ\u00e9tico, destac\u00f3 los avances del plan estrat\u00e9gico: la inversi\u00f3n p\u00fablica en el sector alcanzar\u00e1 el 11% del presupuesto 2026, y la generaci\u00f3n renovable ya cubre el 27,63% del consumo local. Anunci\u00f3 una nueva convocatoria a capital privado para construir dos parques solares m\u00e1s en General Pico.<\/p>\n\n\n\n<p>Sobre la explotaci\u00f3n hidrocarbur\u00edfera de El Medanito, inform\u00f3 que reenvi\u00f3 a la Legislatura una propuesta para definir una transici\u00f3n que \u00abevite la vacancia y el despido de trabajadores ante el fin de la concesi\u00f3n en junio\u00bb.<\/p>\n\n\n\n<p>El Banco de La Pampa tambi\u00e9n tuvo protagonismo. El gobernador resalt\u00f3 el impacto de sus promociones y cr\u00e9ditos en el bolsillo de las familias y las PyMEs, y celebr\u00f3 la puesta en marcha de la \u00abBilletera Pampa\u00bb.<\/p>\n\n\n\n<figure class=\"wp-block-image\"><img decoding=\"async\" src=\"https:\/\/www.eldiariodelapampa.com.ar\/\/img\/publicaciones\/2026\/03\/01\/alta\/881574-t.jpg\" alt=\"\" \/><\/figure>\n\n\n\n<p><strong><em>Educaci\u00f3n, salud y viviendas.<\/em><\/strong><\/p>\n\n\n\n<p>Ziliotto reivindic\u00f3 la inversi\u00f3n educativa, que creci\u00f3 por encima de los ingresos, y contrast\u00f3 con el \u00abdesfinanciamiento nacional\u00bb. Anunci\u00f3 que en marzo comenzar\u00e1 a pagarse la beca \u00abImpulsar Futuro\u00bb de 330 mil pesos para estudiantes que iniciaron sus estudios superiores.<\/p>\n\n\n\n<p>En salud, advirti\u00f3 sobre un aumento del 82% en las atenciones de guardia en salud mental, especialmente en ni\u00f1os y adolescentes, y respald\u00f3 un proyecto de ley de su bloque para fortalecer la red de atenci\u00f3n. En cuanto a mortalidad infantil, destac\u00f3 que la provincia revirti\u00f3 la tendencia nacional con una baja del \u00edndice en 2024.<\/p>\n\n\n\n<p>Sobre vivienda, confirm\u00f3 la continuidad de las obras del IPAV, incluyendo las 412 viviendas de programas nacionales abandonados que la provincia termin\u00f3, y defendi\u00f3 el criterio solidario de ajustar las cuotas a la capacidad de pago de las familias.<\/p>\n\n\n\n<p>Hizo adem\u00e1s una valoraci\u00f3n de los \u00edndices de delitos en la provincia. Resalt\u00f3 que \u00abla seguridad p\u00fablica se potencia con la articulaci\u00f3n provincial y la participaci\u00f3n ciudadana. Que la seguridad p\u00fablica tenga valor en la sociedad tiene anclaje en las estad\u00edsticas que muestran que La Pampa es una provincia segura\u00bb.<\/p>\n\n\n\n<p>\u00abDatos nacionales muestran que la tasa de delitos es la menor del pa\u00eds, que la tasa de homicidios dolosos es tres veces m\u00e1s baja. La Pampa es una de las tres provincias con los mejores \u00edndices de seguridad integral\u00bb, remarc\u00f3.<\/p>\n\n\n\n<figure class=\"wp-block-image\"><img decoding=\"async\" src=\"https:\/\/www.eldiariodelapampa.com.ar\/\/img\/publicaciones\/2026\/03\/01\/alta\/881568-t.jpg\" alt=\"\" \/><\/figure>\n\n\n\n<figure class=\"wp-block-image\"><img decoding=\"async\" src=\"https:\/\/www.eldiariodelapampa.com.ar\/\/img\/publicaciones\/2026\/03\/01\/alta\/881572-t.jpg\" alt=\"\" \/><\/figure>\n\n\n\n<p><strong><em>\u00abUn a\u00f1o complejo\u00bb.<\/em><\/strong><\/p>\n\n\n\n<p>Hacia el final de su discurso, Ziliotto traz\u00f3 un diagn\u00f3stico cr\u00edtico del contexto nacional y llam\u00f3 a sostener el \u00abactivo\u00bb de la tranquilidad social pampeana. \u00abNos quieren llevar a un lugar que no hemos vivido en la historia\u00bb, sostuvo.<\/p>\n\n\n\n<p>Insisti\u00f3 que el a\u00f1o 2026 que afronta su Gobierno ser\u00e1 \u00abcomplejo\u00bb. \u00abLa Pampa tiene orden trabajo y cobertura social, algo que nos enorgullece pero tambi\u00e9n algo que comienza erosionarse\u00bb, dijo.<\/p>\n\n\n\n<p>\u00abCada acto de supuesta modernizaci\u00f3n es un dolor para quienes quedan rezagados. Ante todo ello trabajaremos para dar respuestas\u00bb, insisti\u00f3.<\/p>\n\n\n\n<p>Asegur\u00f3 que, frente al \u00ababandono nacional, la falta de trabajo y el cierre de empresas\u00bb, su gobierno trabajar\u00e1 para encontrar respuestas. \u00abNuestro principal objetivo seguir\u00e1 siendo el bienestar de La Pampa. Un bienestar que s\u00f3lo se construye con la productividad de la econom\u00eda y con la oportunidad laboral y la seguridad econ\u00f3mica de nuestro pueblo\u00bb, concluy\u00f3.<\/p>\n\n\n\n<figure class=\"wp-block-image\"><img decoding=\"async\" src=\"https:\/\/www.eldiariodelapampa.com.ar\/\/img\/publicaciones\/2026\/03\/01\/alta\/881579-t.jpg\" alt=\"\" \/><\/figure>\n\n\n\n<figure class=\"wp-block-image\"><img decoding=\"async\" src=\"https:\/\/www.eldiariodelapampa.com.ar\/\/img\/publicaciones\/2026\/03\/01\/alta\/881577-t.jpg\" alt=\"\" \/><\/figure>\n\n\n\n<p>eldiariodelapampa<\/p>\n","protected":false},"excerpt":{"rendered":"<p>El gobernador adelant\u00f3 adem\u00e1s que gestionar\u00e1n la red vial que incluye las rutas nacionales y&#8230;<\/p>\n","protected":false},"author":2,"featured_media":12439,"comment_status":"closed","ping_status":"closed","sticky":false,"template":"","format":"standard","meta":{"_jetpack_memberships_contains_paid_content":false,"footnotes":"","jetpack_publicize_message":"Ziliotto lanz\u00f3 un Plan Productivo con 10 medidas en la apertura de sesiones de la C\u00e1mara de Diputados","jetpack_publicize_feature_enabled":true,"jetpack_social_post_already_shared":false,"jetpack_social_options":{"image_generator_settings":{"template":"highway","default_image_id":0,"font":"","enabled":false},"version":2}},"categories":[83,122],"tags":[],"class_list":["post-12438","post","type-post","status-publish","format-standard","has-post-thumbnail","hentry","category-la-pampa","category-politica"],"yoast_head":"<!-- This site is optimized with the Yoast SEO plugin v27.4 - https:\/\/yoast.com\/product\/yoast-seo-wordpress\/ -->\n<title>Ziliotto lanz\u00f3 un Plan Productivo con 10 medidas en la apertura de sesiones de la C\u00e1mara de Diputados -<\/title>\n<meta name=\"robots\" content=\"index, follow, max-snippet:-1, max-image-preview:large, max-video-preview:-1\" \/>\n<link rel=\"canonical\" href=\"https:\/\/impactocastex.com.ar\/?p=12438\" \/>\n<meta property=\"og:locale\" content=\"es_ES\" \/>\n<meta property=\"og:type\" content=\"article\" \/>\n<meta property=\"og:title\" content=\"Ziliotto lanz\u00f3 un Plan Productivo con 10 medidas en la apertura de sesiones de la C\u00e1mara de Diputados -\" \/>\n<meta property=\"og:description\" content=\"El gobernador adelant\u00f3 adem\u00e1s que gestionar\u00e1n la red vial que incluye las rutas nacionales y...\" \/>\n<meta property=\"og:url\" content=\"https:\/\/impactocastex.com.ar\/?p=12438\" \/>\n<meta property=\"article:publisher\" content=\"https:\/\/www.facebook.com\/impactocastexdiario\" \/>\n<meta property=\"article:published_time\" content=\"2026-03-02T11:50:31+00:00\" \/>\n<meta property=\"article:modified_time\" content=\"2026-03-02T11:50:33+00:00\" \/>\n<meta property=\"og:image\" content=\"https:\/\/impactocastex.com.ar\/wp-content\/uploads\/2026\/03\/881567-t.webp\" \/>\n\t<meta property=\"og:image:width\" content=\"1000\" \/>\n\t<meta property=\"og:image:height\" content=\"579\" \/>\n\t<meta property=\"og:image:type\" content=\"image\/webp\" \/>\n<meta name=\"author\" content=\"impactocastex\" \/>\n<meta name=\"twitter:card\" content=\"summary_large_image\" \/>\n<meta name=\"twitter:label1\" content=\"Escrito por\" \/>\n\t<meta name=\"twitter:data1\" content=\"impactocastex\" \/>\n\t<meta name=\"twitter:label2\" content=\"Tiempo de lectura\" \/>\n\t<meta name=\"twitter:data2\" content=\"7 minutos\" \/>\n<script type=\"application\/ld+json\" class=\"yoast-schema-graph\">{\"@context\":\"https:\\\/\\\/schema.org\",\"@graph\":[{\"@type\":\"Article\",\"@id\":\"https:\\\/\\\/impactocastex.com.ar\\\/?p=12438#article\",\"isPartOf\":{\"@id\":\"https:\\\/\\\/impactocastex.com.ar\\\/?p=12438\"},\"author\":{\"name\":\"impactocastex\",\"@id\":\"https:\\\/\\\/impactocastex.com.ar\\\/#\\\/schema\\\/person\\\/c115028fb60f9bf49ce7550894b84ea7\"},\"headline\":\"Ziliotto lanz\u00f3 un Plan Productivo con 10 medidas en la apertura de sesiones de la C\u00e1mara de Diputados\",\"datePublished\":\"2026-03-02T11:50:31+00:00\",\"dateModified\":\"2026-03-02T11:50:33+00:00\",\"mainEntityOfPage\":{\"@id\":\"https:\\\/\\\/impactocastex.com.ar\\\/?p=12438\"},\"wordCount\":1158,\"publisher\":{\"@id\":\"https:\\\/\\\/impactocastex.com.ar\\\/#organization\"},\"image\":{\"@id\":\"https:\\\/\\\/impactocastex.com.ar\\\/?p=12438#primaryimage\"},\"thumbnailUrl\":\"https:\\\/\\\/impactocastex.com.ar\\\/wp-content\\\/uploads\\\/2026\\\/03\\\/881567-t.webp\",\"articleSection\":[\"LA PAMPA\",\"POLITICA\"],\"inLanguage\":\"es\"},{\"@type\":\"WebPage\",\"@id\":\"https:\\\/\\\/impactocastex.com.ar\\\/?p=12438\",\"url\":\"https:\\\/\\\/impactocastex.com.ar\\\/?p=12438\",\"name\":\"Ziliotto lanz\u00f3 un Plan Productivo con 10 medidas en la apertura de sesiones de la C\u00e1mara de Diputados -\",\"isPartOf\":{\"@id\":\"https:\\\/\\\/impactocastex.com.ar\\\/#website\"},\"primaryImageOfPage\":{\"@id\":\"https:\\\/\\\/impactocastex.com.ar\\\/?p=12438#primaryimage\"},\"image\":{\"@id\":\"https:\\\/\\\/impactocastex.com.ar\\\/?p=12438#primaryimage\"},\"thumbnailUrl\":\"https:\\\/\\\/impactocastex.com.ar\\\/wp-content\\\/uploads\\\/2026\\\/03\\\/881567-t.webp\",\"datePublished\":\"2026-03-02T11:50:31+00:00\",\"dateModified\":\"2026-03-02T11:50:33+00:00\",\"breadcrumb\":{\"@id\":\"https:\\\/\\\/impactocastex.com.ar\\\/?p=12438#breadcrumb\"},\"inLanguage\":\"es\",\"potentialAction\":[{\"@type\":\"ReadAction\",\"target\":[\"https:\\\/\\\/impactocastex.com.ar\\\/?p=12438\"]}]},{\"@type\":\"ImageObject\",\"inLanguage\":\"es\",\"@id\":\"https:\\\/\\\/impactocastex.com.ar\\\/?p=12438#primaryimage\",\"url\":\"https:\\\/\\\/impactocastex.com.ar\\\/wp-content\\\/uploads\\\/2026\\\/03\\\/881567-t.webp\",\"contentUrl\":\"https:\\\/\\\/impactocastex.com.ar\\\/wp-content\\\/uploads\\\/2026\\\/03\\\/881567-t.webp\",\"width\":1000,\"height\":579},{\"@type\":\"BreadcrumbList\",\"@id\":\"https:\\\/\\\/impactocastex.com.ar\\\/?p=12438#breadcrumb\",\"itemListElement\":[{\"@type\":\"ListItem\",\"position\":1,\"name\":\"Portada\",\"item\":\"https:\\\/\\\/impactocastex.com.ar\\\/\"},{\"@type\":\"ListItem\",\"position\":2,\"name\":\"Ziliotto lanz\u00f3 un Plan Productivo con 10 medidas en la apertura de sesiones de la C\u00e1mara de Diputados\"}]},{\"@type\":\"WebSite\",\"@id\":\"https:\\\/\\\/impactocastex.com.ar\\\/#website\",\"url\":\"https:\\\/\\\/impactocastex.com.ar\\\/\",\"name\":\"Impacto Castex\",\"description\":\"\",\"publisher\":{\"@id\":\"https:\\\/\\\/impactocastex.com.ar\\\/#organization\"},\"potentialAction\":[{\"@type\":\"SearchAction\",\"target\":{\"@type\":\"EntryPoint\",\"urlTemplate\":\"https:\\\/\\\/impactocastex.com.ar\\\/?s={search_term_string}\"},\"query-input\":{\"@type\":\"PropertyValueSpecification\",\"valueRequired\":true,\"valueName\":\"search_term_string\"}}],\"inLanguage\":\"es\"},{\"@type\":\"Organization\",\"@id\":\"https:\\\/\\\/impactocastex.com.ar\\\/#organization\",\"name\":\"Impacto Castex\",\"url\":\"https:\\\/\\\/impactocastex.com.ar\\\/\",\"logo\":{\"@type\":\"ImageObject\",\"inLanguage\":\"es\",\"@id\":\"https:\\\/\\\/impactocastex.com.ar\\\/#\\\/schema\\\/logo\\\/image\\\/\",\"url\":\"https:\\\/\\\/impactocastex.com.ar\\\/wp-content\\\/uploads\\\/2025\\\/09\\\/cropped-icoweb.png\",\"contentUrl\":\"https:\\\/\\\/impactocastex.com.ar\\\/wp-content\\\/uploads\\\/2025\\\/09\\\/cropped-icoweb.png\",\"width\":512,\"height\":512,\"caption\":\"Impacto Castex\"},\"image\":{\"@id\":\"https:\\\/\\\/impactocastex.com.ar\\\/#\\\/schema\\\/logo\\\/image\\\/\"},\"sameAs\":[\"https:\\\/\\\/www.facebook.com\\\/impactocastexdiario\",\"https:\\\/\\\/www.instagram.com\\\/impactocastex.com.ar\\\/\"]},{\"@type\":\"Person\",\"@id\":\"https:\\\/\\\/impactocastex.com.ar\\\/#\\\/schema\\\/person\\\/c115028fb60f9bf49ce7550894b84ea7\",\"name\":\"impactocastex\",\"image\":{\"@type\":\"ImageObject\",\"inLanguage\":\"es\",\"@id\":\"https:\\\/\\\/secure.gravatar.com\\\/avatar\\\/fee87e7af008f02e9becdc0b5a9fd4a2e79b3918a571edeacb62211704637833?s=96&d=mm&r=g\",\"url\":\"https:\\\/\\\/secure.gravatar.com\\\/avatar\\\/fee87e7af008f02e9becdc0b5a9fd4a2e79b3918a571edeacb62211704637833?s=96&d=mm&r=g\",\"contentUrl\":\"https:\\\/\\\/secure.gravatar.com\\\/avatar\\\/fee87e7af008f02e9becdc0b5a9fd4a2e79b3918a571edeacb62211704637833?s=96&d=mm&r=g\",\"caption\":\"impactocastex\"},\"sameAs\":[\"https:\\\/\\\/impactocastex.com.ar\\\/\"],\"url\":\"https:\\\/\\\/impactocastex.com.ar\\\/?author=2\"}]}<\/script>\n<!-- \/ Yoast SEO plugin. -->","yoast_head_json":{"title":"Ziliotto lanz\u00f3 un Plan Productivo con 10 medidas en la apertura de sesiones de la C\u00e1mara de Diputados -","robots":{"index":"index","follow":"follow","max-snippet":"max-snippet:-1","max-image-preview":"max-image-preview:large","max-video-preview":"max-video-preview:-1"},"canonical":"https:\/\/impactocastex.com.ar\/?p=12438","og_locale":"es_ES","og_type":"article","og_title":"Ziliotto lanz\u00f3 un Plan Productivo con 10 medidas en la apertura de sesiones de la C\u00e1mara de Diputados -","og_description":"El gobernador adelant\u00f3 adem\u00e1s que gestionar\u00e1n la red vial que incluye las rutas nacionales y...","og_url":"https:\/\/impactocastex.com.ar\/?p=12438","article_publisher":"https:\/\/www.facebook.com\/impactocastexdiario","article_published_time":"2026-03-02T11:50:31+00:00","article_modified_time":"2026-03-02T11:50:33+00:00","og_image":[{"width":1000,"height":579,"url":"https:\/\/impactocastex.com.ar\/wp-content\/uploads\/2026\/03\/881567-t.webp","type":"image\/webp"}],"author":"impactocastex","twitter_card":"summary_large_image","twitter_misc":{"Escrito por":"impactocastex","Tiempo de lectura":"7 minutos"},"schema":{"@context":"https:\/\/schema.org","@graph":[{"@type":"Article","@id":"https:\/\/impactocastex.com.ar\/?p=12438#article","isPartOf":{"@id":"https:\/\/impactocastex.com.ar\/?p=12438"},"author":{"name":"impactocastex","@id":"https:\/\/impactocastex.com.ar\/#\/schema\/person\/c115028fb60f9bf49ce7550894b84ea7"},"headline":"Ziliotto lanz\u00f3 un Plan Productivo con 10 medidas en la apertura de sesiones de la C\u00e1mara de Diputados","datePublished":"2026-03-02T11:50:31+00:00","dateModified":"2026-03-02T11:50:33+00:00","mainEntityOfPage":{"@id":"https:\/\/impactocastex.com.ar\/?p=12438"},"wordCount":1158,"publisher":{"@id":"https:\/\/impactocastex.com.ar\/#organization"},"image":{"@id":"https:\/\/impactocastex.com.ar\/?p=12438#primaryimage"},"thumbnailUrl":"https:\/\/impactocastex.com.ar\/wp-content\/uploads\/2026\/03\/881567-t.webp","articleSection":["LA PAMPA","POLITICA"],"inLanguage":"es"},{"@type":"WebPage","@id":"https:\/\/impactocastex.com.ar\/?p=12438","url":"https:\/\/impactocastex.com.ar\/?p=12438","name":"Ziliotto lanz\u00f3 un Plan Productivo con 10 medidas en la apertura de sesiones de la C\u00e1mara de Diputados -","isPartOf":{"@id":"https:\/\/impactocastex.com.ar\/#website"},"primaryImageOfPage":{"@id":"https:\/\/impactocastex.com.ar\/?p=12438#primaryimage"},"image":{"@id":"https:\/\/impactocastex.com.ar\/?p=12438#primaryimage"},"thumbnailUrl":"https:\/\/impactocastex.com.ar\/wp-content\/uploads\/2026\/03\/881567-t.webp","datePublished":"2026-03-02T11:50:31+00:00","dateModified":"2026-03-02T11:50:33+00:00","breadcrumb":{"@id":"https:\/\/impactocastex.com.ar\/?p=12438#breadcrumb"},"inLanguage":"es","potentialAction":[{"@type":"ReadAction","target":["https:\/\/impactocastex.com.ar\/?p=12438"]}]},{"@type":"ImageObject","inLanguage":"es","@id":"https:\/\/impactocastex.com.ar\/?p=12438#primaryimage","url":"https:\/\/impactocastex.com.ar\/wp-content\/uploads\/2026\/03\/881567-t.webp","contentUrl":"https:\/\/impactocastex.com.ar\/wp-content\/uploads\/2026\/03\/881567-t.webp","width":1000,"height":579},{"@type":"BreadcrumbList","@id":"https:\/\/impactocastex.com.ar\/?p=12438#breadcrumb","itemListElement":[{"@type":"ListItem","position":1,"name":"Portada","item":"https:\/\/impactocastex.com.ar\/"},{"@type":"ListItem","position":2,"name":"Ziliotto lanz\u00f3 un Plan Productivo con 10 medidas en la apertura de sesiones de la C\u00e1mara de Diputados"}]},{"@type":"WebSite","@id":"https:\/\/impactocastex.com.ar\/#website","url":"https:\/\/impactocastex.com.ar\/","name":"Impacto Castex","description":"","publisher":{"@id":"https:\/\/impactocastex.com.ar\/#organization"},"potentialAction":[{"@type":"SearchAction","target":{"@type":"EntryPoint","urlTemplate":"https:\/\/impactocastex.com.ar\/?s={search_term_string}"},"query-input":{"@type":"PropertyValueSpecification","valueRequired":true,"valueName":"search_term_string"}}],"inLanguage":"es"},{"@type":"Organization","@id":"https:\/\/impactocastex.com.ar\/#organization","name":"Impacto Castex","url":"https:\/\/impactocastex.com.ar\/","logo":{"@type":"ImageObject","inLanguage":"es","@id":"https:\/\/impactocastex.com.ar\/#\/schema\/logo\/image\/","url":"https:\/\/impactocastex.com.ar\/wp-content\/uploads\/2025\/09\/cropped-icoweb.png","contentUrl":"https:\/\/impactocastex.com.ar\/wp-content\/uploads\/2025\/09\/cropped-icoweb.png","width":512,"height":512,"caption":"Impacto Castex"},"image":{"@id":"https:\/\/impactocastex.com.ar\/#\/schema\/logo\/image\/"},"sameAs":["https:\/\/www.facebook.com\/impactocastexdiario","https:\/\/www.instagram.com\/impactocastex.com.ar\/"]},{"@type":"Person","@id":"https:\/\/impactocastex.com.ar\/#\/schema\/person\/c115028fb60f9bf49ce7550894b84ea7","name":"impactocastex","image":{"@type":"ImageObject","inLanguage":"es","@id":"https:\/\/secure.gravatar.com\/avatar\/fee87e7af008f02e9becdc0b5a9fd4a2e79b3918a571edeacb62211704637833?s=96&d=mm&r=g","url":"https:\/\/secure.gravatar.com\/avatar\/fee87e7af008f02e9becdc0b5a9fd4a2e79b3918a571edeacb62211704637833?s=96&d=mm&r=g","contentUrl":"https:\/\/secure.gravatar.com\/avatar\/fee87e7af008f02e9becdc0b5a9fd4a2e79b3918a571edeacb62211704637833?s=96&d=mm&r=g","caption":"impactocastex"},"sameAs":["https:\/\/impactocastex.com.ar\/"],"url":"https:\/\/impactocastex.com.ar\/?author=2"}]}},"jetpack_publicize_connections":[],"featured_image_urls":{"full":["https:\/\/impactocastex.com.ar\/wp-content\/uploads\/2026\/03\/881567-t.webp",1000,579,false],"thumbnail":["https:\/\/impactocastex.com.ar\/wp-content\/uploads\/2026\/03\/881567-t-150x150.webp",150,150,true],"medium":["https:\/\/impactocastex.com.ar\/wp-content\/uploads\/2026\/03\/881567-t-300x174.webp",300,174,true],"medium_large":["https:\/\/impactocastex.com.ar\/wp-content\/uploads\/2026\/03\/881567-t-768x445.webp",640,371,true],"large":["https:\/\/impactocastex.com.ar\/wp-content\/uploads\/2026\/03\/881567-t.webp",640,371,false],"1536x1536":["https:\/\/impactocastex.com.ar\/wp-content\/uploads\/2026\/03\/881567-t.webp",1000,579,false],"2048x2048":["https:\/\/impactocastex.com.ar\/wp-content\/uploads\/2026\/03\/881567-t.webp",1000,579,false],"newsever-slider-full":["https:\/\/impactocastex.com.ar\/wp-content\/uploads\/2026\/03\/881567-t.webp",1000,579,false],"newsever-featured":["https:\/\/impactocastex.com.ar\/wp-content\/uploads\/2026\/03\/881567-t.webp",1000,579,false],"newsever-medium":["https:\/\/impactocastex.com.ar\/wp-content\/uploads\/2026\/03\/881567-t-720x475.webp",720,475,true]},"author_info":{"info":["impactocastex"]},"category_info":"<a href=\"https:\/\/impactocastex.com.ar\/?cat=83\" rel=\"category\">LA PAMPA<\/a> <a href=\"https:\/\/impactocastex.com.ar\/?cat=122\" rel=\"category\">POLITICA<\/a>","tag_info":"POLITICA","comment_count":0,"jetpack_featured_media_url":"https:\/\/impactocastex.com.ar\/wp-content\/uploads\/2026\/03\/881567-t.webp","jetpack_sharing_enabled":true,"jetpack_likes_enabled":true,"jetpack_shortlink":"https:\/\/wp.me\/p7sopA-3eC","_links":{"self":[{"href":"https:\/\/impactocastex.com.ar\/index.php?rest_route=\/wp\/v2\/posts\/12438","targetHints":{"allow":["GET"]}}],"collection":[{"href":"https:\/\/impactocastex.com.ar\/index.php?rest_route=\/wp\/v2\/posts"}],"about":[{"href":"https:\/\/impactocastex.com.ar\/index.php?rest_route=\/wp\/v2\/types\/post"}],"author":[{"embeddable":true,"href":"https:\/\/impactocastex.com.ar\/index.php?rest_route=\/wp\/v2\/users\/2"}],"replies":[{"embeddable":true,"href":"https:\/\/impactocastex.com.ar\/index.php?rest_route=%2Fwp%2Fv2%2Fcomments&post=12438"}],"version-history":[{"count":1,"href":"https:\/\/impactocastex.com.ar\/index.php?rest_route=\/wp\/v2\/posts\/12438\/revisions"}],"predecessor-version":[{"id":12440,"href":"https:\/\/impactocastex.com.ar\/index.php?rest_route=\/wp\/v2\/posts\/12438\/revisions\/12440"}],"wp:featuredmedia":[{"embeddable":true,"href":"https:\/\/impactocastex.com.ar\/index.php?rest_route=\/wp\/v2\/media\/12439"}],"wp:attachment":[{"href":"https:\/\/impactocastex.com.ar\/index.php?rest_route=%2Fwp%2Fv2%2Fmedia&parent=12438"}],"wp:term":[{"taxonomy":"category","embeddable":true,"href":"https:\/\/impactocastex.com.ar\/index.php?rest_route=%2Fwp%2Fv2%2Fcategories&post=12438"},{"taxonomy":"post_tag","embeddable":true,"href":"https:\/\/impactocastex.com.ar\/index.php?rest_route=%2Fwp%2Fv2%2Ftags&post=12438"}],"curies":[{"name":"wp","href":"https:\/\/api.w.org\/{rel}","templated":true}]}}