{"id":12432,"date":"2026-03-02T08:42:41","date_gmt":"2026-03-02T11:42:41","guid":{"rendered":"https:\/\/impactocastex.com.ar\/?p=12432"},"modified":"2026-03-02T08:42:42","modified_gmt":"2026-03-02T11:42:42","slug":"multan-a-dos-camiones-por-circular-con-exceso-de-peso-por-las-rutas-provinciales","status":"publish","type":"post","link":"https:\/\/impactocastex.com.ar\/?p=12432","title":{"rendered":"Multan a dos camiones por circular con exceso de peso por las rutas provinciales"},"content":{"rendered":"\n<p>La Direcci\u00f3n Provincial de Vialidad sancion\u00f3 a dos camiones por circular con exceso de peso en rutas pampeanas. Las infracciones, detectadas en cruces estrat\u00e9gicos, se dan en un contexto de creciente deterioro vial por el aumento del tr\u00e1nsito pesado.<\/p>\n\n\n\n<p>La Direcci\u00f3n Provincial de Vialidad (DPV) sancion\u00f3 a dos transportistas por circular con carga excedida en rutas pampeanas. Las notificaciones fueron publicadas en el Bolet\u00edn Oficial del viernes 27 de febrero y contemplan multas que, en uno de los casos, superan las 4.900 Unidades Fijas (litros de nafta) por reincidencia.<\/p>\n\n\n\n<p>Las infracciones se detectaron en distintos controles realizados por personal de la repartici\u00f3n en cruces estrat\u00e9gicos de la red provincial, en un contexto en el que el deterioro de las rutas viene siendo motivo de preocupaci\u00f3n tanto para autoridades como para transportistas, especialmente ante el creciente tr\u00e1nsito pesado que deriva desde rutas nacionales con serios problemas de mantenimiento.<\/p>\n\n\n\n<p>Exceso de 1.500 kilos y quinceava reincidencia<\/p>\n\n\n\n<p>El primer caso corresponde al expediente administrativo N\u00ba 448\/24, vinculado al Acta de Contravenci\u00f3n N\u00ba 371. Seg\u00fan consta en la publicaci\u00f3n oficial, el 12 de junio de 2024, a las 12:52 horas, en la intersecci\u00f3n de las rutas provinciales 1 y 18, fue infraccionado el conductor Mart\u00edn Alejandro Salvatierra, quien manejaba los dominios AE381IV y AE567YM.<\/p>\n\n\n\n<p>El veh\u00edculo circulaba con un exceso de 1.500 kilos en el peso total a transmitir a la calzada, en violaci\u00f3n del art\u00edculo 53 inciso d) de la Ley Nacional de Tr\u00e1nsito N\u00ba 24.449.<\/p>\n\n\n\n<p>La sanci\u00f3n prevista en el Decreto N\u00ba 2055\/00 (Anexo B, Art. 2\u00ba, Inc. V) establece una multa de 350 Unidades Fijas (equivalentes a 350 litros de nafta especial al precio que fija el Autom\u00f3vil Club Argentino en Santa Rosa). Sin embargo, al tratarse de una quinceava reincidencia, se aplic\u00f3 una penalidad adicional del 1.300%, equivalente a 4.550 Unidades Fijas extra.<\/p>\n\n\n\n<p>En total, la multa asciende a 4.900 Unidades Fijas. Adem\u00e1s del conductor, fue notificada como responsable solidaria la firma cargadora YPF S.A., en los t\u00e9rminos del art\u00edculo 57 de la Ley 24.449.<\/p>\n\n\n\n<p>Casi cinco toneladas de sobrepeso en Victorica<\/p>\n\n\n\n<p>El segundo caso, tramitado en el expediente N\u00ba 548\/25 y correspondiente al Acta de Contravenci\u00f3n N\u00ba 632, se registr\u00f3 el 29 de octubre de 2025 a las 18:59 horas, en la intersecci\u00f3n de las rutas provinciales 10 y 105, en el Puesto Caminero de Victorica.<\/p>\n\n\n\n<p>En esa oportunidad, el conductor Eduardo Exequiel Fantini, al mando de los dominios AE995BS y AH324PU, circulaba con un exceso de 4.900 kilos sobre el peso permitido.<\/p>\n\n\n\n<p>Por esta infracci\u00f3n, la DPV fij\u00f3 una sanci\u00f3n de 1.013 Unidades Fijas, tambi\u00e9n calculadas en litros de nafta especial al valor vigente en Santa Rosa al momento del pago. El conductor podr\u00e1 optar por abonar el 50% del monto si realiza el pago dentro del plazo establecido, o bien solicitar un plan de hasta seis cuotas, reconociendo la infracci\u00f3n y abonando el 75% del total m\u00e1s gastos administrativos.<\/p>\n\n\n\n<p>El impacto del sobrepeso en la red vial<\/p>\n\n\n\n<p>Las sanciones se conocen en un escenario donde distintos informes period\u00edsticos y reclamos de autoridades provinciales vienen advirtiendo sobre el acelerado deterioro de las rutas pampeanas. El mal estado de varios tramos de rutas nacionales que atraviesan la provincia ha generado un corrimiento del tr\u00e1nsito pesado hacia la red provincial, incrementando la presi\u00f3n sobre calzadas que no siempre est\u00e1n dise\u00f1adas para soportar vol\u00famenes intensivos de carga.<\/p>\n\n\n\n<p>En ese contexto, el exceso de peso constituye uno de los factores m\u00e1s determinantes en la degradaci\u00f3n del pavimento. T\u00e9cnicamente, cada tonelada adicional multiplica el impacto estructural sobre la calzada, acelerando la aparici\u00f3n de fisuras, deformaciones y baches, lo que eleva los costos de mantenimiento y compromete la seguridad vial.<\/p>\n\n\n\n<p>Desde Vialidad Provincial recordaron que los infractores cuentan con un plazo de diez d\u00edas h\u00e1biles para presentar descargo o efectuar el pago correspondiente. En caso de no hacerlo, se continuar\u00e1 con las actuaciones administrativas previstas por la normativa vigente.<\/p>\n\n\n\n<p>eldiariodelapampa<\/p>\n","protected":false},"excerpt":{"rendered":"<p>La Direcci\u00f3n Provincial de Vialidad sancion\u00f3 a dos camiones por circular con exceso de peso&#8230;<\/p>\n","protected":false},"author":2,"featured_media":12433,"comment_status":"closed","ping_status":"closed","sticky":false,"template":"","format":"standard","meta":{"_jetpack_memberships_contains_paid_content":false,"footnotes":"","jetpack_publicize_message":"Multan a dos camiones por circular con exceso de peso por las rutas provinciales","jetpack_publicize_feature_enabled":true,"jetpack_social_post_already_shared":false,"jetpack_social_options":{"image_generator_settings":{"template":"highway","default_image_id":0,"font":"","enabled":false},"version":2}},"categories":[83],"tags":[],"class_list":["post-12432","post","type-post","status-publish","format-standard","has-post-thumbnail","hentry","category-la-pampa"],"yoast_head":"<!-- This site is optimized with the Yoast SEO plugin v27.4 - https:\/\/yoast.com\/product\/yoast-seo-wordpress\/ -->\n<title>Multan a dos camiones por circular con exceso de peso por las rutas provinciales -<\/title>\n<meta name=\"robots\" content=\"index, follow, max-snippet:-1, max-image-preview:large, max-video-preview:-1\" \/>\n<link rel=\"canonical\" href=\"https:\/\/impactocastex.com.ar\/?p=12432\" \/>\n<meta property=\"og:locale\" content=\"es_ES\" \/>\n<meta property=\"og:type\" content=\"article\" \/>\n<meta property=\"og:title\" content=\"Multan a dos camiones por circular con exceso de peso por las rutas provinciales -\" \/>\n<meta property=\"og:description\" content=\"La Direcci\u00f3n Provincial de Vialidad sancion\u00f3 a dos camiones por circular con exceso de peso...\" \/>\n<meta property=\"og:url\" content=\"https:\/\/impactocastex.com.ar\/?p=12432\" \/>\n<meta property=\"article:publisher\" content=\"https:\/\/www.facebook.com\/impactocastexdiario\" \/>\n<meta property=\"article:published_time\" content=\"2026-03-02T11:42:41+00:00\" \/>\n<meta property=\"article:modified_time\" content=\"2026-03-02T11:42:42+00:00\" \/>\n<meta property=\"og:image\" content=\"https:\/\/impactocastex.com.ar\/wp-content\/uploads\/2026\/03\/2136323.jpg\" \/>\n\t<meta property=\"og:image:width\" content=\"1200\" \/>\n\t<meta property=\"og:image:height\" content=\"631\" \/>\n\t<meta property=\"og:image:type\" content=\"image\/jpeg\" \/>\n<meta name=\"author\" content=\"impactocastex\" \/>\n<meta name=\"twitter:card\" content=\"summary_large_image\" \/>\n<meta name=\"twitter:label1\" content=\"Escrito por\" \/>\n\t<meta name=\"twitter:data1\" content=\"impactocastex\" \/>\n\t<meta name=\"twitter:label2\" content=\"Tiempo de lectura\" \/>\n\t<meta name=\"twitter:data2\" content=\"4 minutos\" \/>\n<script type=\"application\/ld+json\" class=\"yoast-schema-graph\">{\"@context\":\"https:\\\/\\\/schema.org\",\"@graph\":[{\"@type\":\"Article\",\"@id\":\"https:\\\/\\\/impactocastex.com.ar\\\/?p=12432#article\",\"isPartOf\":{\"@id\":\"https:\\\/\\\/impactocastex.com.ar\\\/?p=12432\"},\"author\":{\"name\":\"impactocastex\",\"@id\":\"https:\\\/\\\/impactocastex.com.ar\\\/#\\\/schema\\\/person\\\/c115028fb60f9bf49ce7550894b84ea7\"},\"headline\":\"Multan a dos camiones por circular con exceso de peso por las rutas provinciales\",\"datePublished\":\"2026-03-02T11:42:41+00:00\",\"dateModified\":\"2026-03-02T11:42:42+00:00\",\"mainEntityOfPage\":{\"@id\":\"https:\\\/\\\/impactocastex.com.ar\\\/?p=12432\"},\"wordCount\":674,\"publisher\":{\"@id\":\"https:\\\/\\\/impactocastex.com.ar\\\/#organization\"},\"image\":{\"@id\":\"https:\\\/\\\/impactocastex.com.ar\\\/?p=12432#primaryimage\"},\"thumbnailUrl\":\"https:\\\/\\\/impactocastex.com.ar\\\/wp-content\\\/uploads\\\/2026\\\/03\\\/2136323.jpg\",\"articleSection\":[\"LA PAMPA\"],\"inLanguage\":\"es\"},{\"@type\":\"WebPage\",\"@id\":\"https:\\\/\\\/impactocastex.com.ar\\\/?p=12432\",\"url\":\"https:\\\/\\\/impactocastex.com.ar\\\/?p=12432\",\"name\":\"Multan a dos camiones por circular con exceso de peso por las rutas provinciales -\",\"isPartOf\":{\"@id\":\"https:\\\/\\\/impactocastex.com.ar\\\/#website\"},\"primaryImageOfPage\":{\"@id\":\"https:\\\/\\\/impactocastex.com.ar\\\/?p=12432#primaryimage\"},\"image\":{\"@id\":\"https:\\\/\\\/impactocastex.com.ar\\\/?p=12432#primaryimage\"},\"thumbnailUrl\":\"https:\\\/\\\/impactocastex.com.ar\\\/wp-content\\\/uploads\\\/2026\\\/03\\\/2136323.jpg\",\"datePublished\":\"2026-03-02T11:42:41+00:00\",\"dateModified\":\"2026-03-02T11:42:42+00:00\",\"breadcrumb\":{\"@id\":\"https:\\\/\\\/impactocastex.com.ar\\\/?p=12432#breadcrumb\"},\"inLanguage\":\"es\",\"potentialAction\":[{\"@type\":\"ReadAction\",\"target\":[\"https:\\\/\\\/impactocastex.com.ar\\\/?p=12432\"]}]},{\"@type\":\"ImageObject\",\"inLanguage\":\"es\",\"@id\":\"https:\\\/\\\/impactocastex.com.ar\\\/?p=12432#primaryimage\",\"url\":\"https:\\\/\\\/impactocastex.com.ar\\\/wp-content\\\/uploads\\\/2026\\\/03\\\/2136323.jpg\",\"contentUrl\":\"https:\\\/\\\/impactocastex.com.ar\\\/wp-content\\\/uploads\\\/2026\\\/03\\\/2136323.jpg\",\"width\":1200,\"height\":631},{\"@type\":\"BreadcrumbList\",\"@id\":\"https:\\\/\\\/impactocastex.com.ar\\\/?p=12432#breadcrumb\",\"itemListElement\":[{\"@type\":\"ListItem\",\"position\":1,\"name\":\"Portada\",\"item\":\"https:\\\/\\\/impactocastex.com.ar\\\/\"},{\"@type\":\"ListItem\",\"position\":2,\"name\":\"Multan a dos camiones por circular con exceso de peso por las rutas provinciales\"}]},{\"@type\":\"WebSite\",\"@id\":\"https:\\\/\\\/impactocastex.com.ar\\\/#website\",\"url\":\"https:\\\/\\\/impactocastex.com.ar\\\/\",\"name\":\"Impacto Castex\",\"description\":\"\",\"publisher\":{\"@id\":\"https:\\\/\\\/impactocastex.com.ar\\\/#organization\"},\"potentialAction\":[{\"@type\":\"SearchAction\",\"target\":{\"@type\":\"EntryPoint\",\"urlTemplate\":\"https:\\\/\\\/impactocastex.com.ar\\\/?s={search_term_string}\"},\"query-input\":{\"@type\":\"PropertyValueSpecification\",\"valueRequired\":true,\"valueName\":\"search_term_string\"}}],\"inLanguage\":\"es\"},{\"@type\":\"Organization\",\"@id\":\"https:\\\/\\\/impactocastex.com.ar\\\/#organization\",\"name\":\"Impacto Castex\",\"url\":\"https:\\\/\\\/impactocastex.com.ar\\\/\",\"logo\":{\"@type\":\"ImageObject\",\"inLanguage\":\"es\",\"@id\":\"https:\\\/\\\/impactocastex.com.ar\\\/#\\\/schema\\\/logo\\\/image\\\/\",\"url\":\"https:\\\/\\\/impactocastex.com.ar\\\/wp-content\\\/uploads\\\/2025\\\/09\\\/cropped-icoweb.png\",\"contentUrl\":\"https:\\\/\\\/impactocastex.com.ar\\\/wp-content\\\/uploads\\\/2025\\\/09\\\/cropped-icoweb.png\",\"width\":512,\"height\":512,\"caption\":\"Impacto Castex\"},\"image\":{\"@id\":\"https:\\\/\\\/impactocastex.com.ar\\\/#\\\/schema\\\/logo\\\/image\\\/\"},\"sameAs\":[\"https:\\\/\\\/www.facebook.com\\\/impactocastexdiario\",\"https:\\\/\\\/www.instagram.com\\\/impactocastex.com.ar\\\/\"]},{\"@type\":\"Person\",\"@id\":\"https:\\\/\\\/impactocastex.com.ar\\\/#\\\/schema\\\/person\\\/c115028fb60f9bf49ce7550894b84ea7\",\"name\":\"impactocastex\",\"image\":{\"@type\":\"ImageObject\",\"inLanguage\":\"es\",\"@id\":\"https:\\\/\\\/secure.gravatar.com\\\/avatar\\\/fee87e7af008f02e9becdc0b5a9fd4a2e79b3918a571edeacb62211704637833?s=96&d=mm&r=g\",\"url\":\"https:\\\/\\\/secure.gravatar.com\\\/avatar\\\/fee87e7af008f02e9becdc0b5a9fd4a2e79b3918a571edeacb62211704637833?s=96&d=mm&r=g\",\"contentUrl\":\"https:\\\/\\\/secure.gravatar.com\\\/avatar\\\/fee87e7af008f02e9becdc0b5a9fd4a2e79b3918a571edeacb62211704637833?s=96&d=mm&r=g\",\"caption\":\"impactocastex\"},\"sameAs\":[\"https:\\\/\\\/impactocastex.com.ar\\\/\"],\"url\":\"https:\\\/\\\/impactocastex.com.ar\\\/?author=2\"}]}<\/script>\n<!-- \/ Yoast SEO plugin. -->","yoast_head_json":{"title":"Multan a dos camiones por circular con exceso de peso por las rutas provinciales -","robots":{"index":"index","follow":"follow","max-snippet":"max-snippet:-1","max-image-preview":"max-image-preview:large","max-video-preview":"max-video-preview:-1"},"canonical":"https:\/\/impactocastex.com.ar\/?p=12432","og_locale":"es_ES","og_type":"article","og_title":"Multan a dos camiones por circular con exceso de peso por las rutas provinciales -","og_description":"La Direcci\u00f3n Provincial de Vialidad sancion\u00f3 a dos camiones por circular con exceso de peso...","og_url":"https:\/\/impactocastex.com.ar\/?p=12432","article_publisher":"https:\/\/www.facebook.com\/impactocastexdiario","article_published_time":"2026-03-02T11:42:41+00:00","article_modified_time":"2026-03-02T11:42:42+00:00","og_image":[{"width":1200,"height":631,"url":"https:\/\/impactocastex.com.ar\/wp-content\/uploads\/2026\/03\/2136323.jpg","type":"image\/jpeg"}],"author":"impactocastex","twitter_card":"summary_large_image","twitter_misc":{"Escrito por":"impactocastex","Tiempo de lectura":"4 minutos"},"schema":{"@context":"https:\/\/schema.org","@graph":[{"@type":"Article","@id":"https:\/\/impactocastex.com.ar\/?p=12432#article","isPartOf":{"@id":"https:\/\/impactocastex.com.ar\/?p=12432"},"author":{"name":"impactocastex","@id":"https:\/\/impactocastex.com.ar\/#\/schema\/person\/c115028fb60f9bf49ce7550894b84ea7"},"headline":"Multan a dos camiones por circular con exceso de peso por las rutas provinciales","datePublished":"2026-03-02T11:42:41+00:00","dateModified":"2026-03-02T11:42:42+00:00","mainEntityOfPage":{"@id":"https:\/\/impactocastex.com.ar\/?p=12432"},"wordCount":674,"publisher":{"@id":"https:\/\/impactocastex.com.ar\/#organization"},"image":{"@id":"https:\/\/impactocastex.com.ar\/?p=12432#primaryimage"},"thumbnailUrl":"https:\/\/impactocastex.com.ar\/wp-content\/uploads\/2026\/03\/2136323.jpg","articleSection":["LA PAMPA"],"inLanguage":"es"},{"@type":"WebPage","@id":"https:\/\/impactocastex.com.ar\/?p=12432","url":"https:\/\/impactocastex.com.ar\/?p=12432","name":"Multan a dos camiones por circular con exceso de peso por las rutas provinciales -","isPartOf":{"@id":"https:\/\/impactocastex.com.ar\/#website"},"primaryImageOfPage":{"@id":"https:\/\/impactocastex.com.ar\/?p=12432#primaryimage"},"image":{"@id":"https:\/\/impactocastex.com.ar\/?p=12432#primaryimage"},"thumbnailUrl":"https:\/\/impactocastex.com.ar\/wp-content\/uploads\/2026\/03\/2136323.jpg","datePublished":"2026-03-02T11:42:41+00:00","dateModified":"2026-03-02T11:42:42+00:00","breadcrumb":{"@id":"https:\/\/impactocastex.com.ar\/?p=12432#breadcrumb"},"inLanguage":"es","potentialAction":[{"@type":"ReadAction","target":["https:\/\/impactocastex.com.ar\/?p=12432"]}]},{"@type":"ImageObject","inLanguage":"es","@id":"https:\/\/impactocastex.com.ar\/?p=12432#primaryimage","url":"https:\/\/impactocastex.com.ar\/wp-content\/uploads\/2026\/03\/2136323.jpg","contentUrl":"https:\/\/impactocastex.com.ar\/wp-content\/uploads\/2026\/03\/2136323.jpg","width":1200,"height":631},{"@type":"BreadcrumbList","@id":"https:\/\/impactocastex.com.ar\/?p=12432#breadcrumb","itemListElement":[{"@type":"ListItem","position":1,"name":"Portada","item":"https:\/\/impactocastex.com.ar\/"},{"@type":"ListItem","position":2,"name":"Multan a dos camiones por circular con exceso de peso por las rutas provinciales"}]},{"@type":"WebSite","@id":"https:\/\/impactocastex.com.ar\/#website","url":"https:\/\/impactocastex.com.ar\/","name":"Impacto Castex","description":"","publisher":{"@id":"https:\/\/impactocastex.com.ar\/#organization"},"potentialAction":[{"@type":"SearchAction","target":{"@type":"EntryPoint","urlTemplate":"https:\/\/impactocastex.com.ar\/?s={search_term_string}"},"query-input":{"@type":"PropertyValueSpecification","valueRequired":true,"valueName":"search_term_string"}}],"inLanguage":"es"},{"@type":"Organization","@id":"https:\/\/impactocastex.com.ar\/#organization","name":"Impacto Castex","url":"https:\/\/impactocastex.com.ar\/","logo":{"@type":"ImageObject","inLanguage":"es","@id":"https:\/\/impactocastex.com.ar\/#\/schema\/logo\/image\/","url":"https:\/\/impactocastex.com.ar\/wp-content\/uploads\/2025\/09\/cropped-icoweb.png","contentUrl":"https:\/\/impactocastex.com.ar\/wp-content\/uploads\/2025\/09\/cropped-icoweb.png","width":512,"height":512,"caption":"Impacto Castex"},"image":{"@id":"https:\/\/impactocastex.com.ar\/#\/schema\/logo\/image\/"},"sameAs":["https:\/\/www.facebook.com\/impactocastexdiario","https:\/\/www.instagram.com\/impactocastex.com.ar\/"]},{"@type":"Person","@id":"https:\/\/impactocastex.com.ar\/#\/schema\/person\/c115028fb60f9bf49ce7550894b84ea7","name":"impactocastex","image":{"@type":"ImageObject","inLanguage":"es","@id":"https:\/\/secure.gravatar.com\/avatar\/fee87e7af008f02e9becdc0b5a9fd4a2e79b3918a571edeacb62211704637833?s=96&d=mm&r=g","url":"https:\/\/secure.gravatar.com\/avatar\/fee87e7af008f02e9becdc0b5a9fd4a2e79b3918a571edeacb62211704637833?s=96&d=mm&r=g","contentUrl":"https:\/\/secure.gravatar.com\/avatar\/fee87e7af008f02e9becdc0b5a9fd4a2e79b3918a571edeacb62211704637833?s=96&d=mm&r=g","caption":"impactocastex"},"sameAs":["https:\/\/impactocastex.com.ar\/"],"url":"https:\/\/impactocastex.com.ar\/?author=2"}]}},"jetpack_publicize_connections":[],"featured_image_urls":{"full":["https:\/\/impactocastex.com.ar\/wp-content\/uploads\/2026\/03\/2136323.jpg",1200,631,false],"thumbnail":["https:\/\/impactocastex.com.ar\/wp-content\/uploads\/2026\/03\/2136323-150x150.jpg",150,150,true],"medium":["https:\/\/impactocastex.com.ar\/wp-content\/uploads\/2026\/03\/2136323-300x158.jpg",300,158,true],"medium_large":["https:\/\/impactocastex.com.ar\/wp-content\/uploads\/2026\/03\/2136323-768x404.jpg",640,337,true],"large":["https:\/\/impactocastex.com.ar\/wp-content\/uploads\/2026\/03\/2136323-1024x538.jpg",640,336,true],"1536x1536":["https:\/\/impactocastex.com.ar\/wp-content\/uploads\/2026\/03\/2136323.jpg",1200,631,false],"2048x2048":["https:\/\/impactocastex.com.ar\/wp-content\/uploads\/2026\/03\/2136323.jpg",1200,631,false],"newsever-slider-full":["https:\/\/impactocastex.com.ar\/wp-content\/uploads\/2026\/03\/2136323.jpg",1200,631,false],"newsever-featured":["https:\/\/impactocastex.com.ar\/wp-content\/uploads\/2026\/03\/2136323-1024x538.jpg",1024,538,true],"newsever-medium":["https:\/\/impactocastex.com.ar\/wp-content\/uploads\/2026\/03\/2136323-720x475.jpg",720,475,true]},"author_info":{"info":["impactocastex"]},"category_info":"<a href=\"https:\/\/impactocastex.com.ar\/?cat=83\" rel=\"category\">LA PAMPA<\/a>","tag_info":"LA PAMPA","comment_count":0,"jetpack_featured_media_url":"https:\/\/impactocastex.com.ar\/wp-content\/uploads\/2026\/03\/2136323.jpg","jetpack_sharing_enabled":true,"jetpack_likes_enabled":true,"jetpack_shortlink":"https:\/\/wp.me\/p7sopA-3ew","_links":{"self":[{"href":"https:\/\/impactocastex.com.ar\/index.php?rest_route=\/wp\/v2\/posts\/12432","targetHints":{"allow":["GET"]}}],"collection":[{"href":"https:\/\/impactocastex.com.ar\/index.php?rest_route=\/wp\/v2\/posts"}],"about":[{"href":"https:\/\/impactocastex.com.ar\/index.php?rest_route=\/wp\/v2\/types\/post"}],"author":[{"embeddable":true,"href":"https:\/\/impactocastex.com.ar\/index.php?rest_route=\/wp\/v2\/users\/2"}],"replies":[{"embeddable":true,"href":"https:\/\/impactocastex.com.ar\/index.php?rest_route=%2Fwp%2Fv2%2Fcomments&post=12432"}],"version-history":[{"count":1,"href":"https:\/\/impactocastex.com.ar\/index.php?rest_route=\/wp\/v2\/posts\/12432\/revisions"}],"predecessor-version":[{"id":12434,"href":"https:\/\/impactocastex.com.ar\/index.php?rest_route=\/wp\/v2\/posts\/12432\/revisions\/12434"}],"wp:featuredmedia":[{"embeddable":true,"href":"https:\/\/impactocastex.com.ar\/index.php?rest_route=\/wp\/v2\/media\/12433"}],"wp:attachment":[{"href":"https:\/\/impactocastex.com.ar\/index.php?rest_route=%2Fwp%2Fv2%2Fmedia&parent=12432"}],"wp:term":[{"taxonomy":"category","embeddable":true,"href":"https:\/\/impactocastex.com.ar\/index.php?rest_route=%2Fwp%2Fv2%2Fcategories&post=12432"},{"taxonomy":"post_tag","embeddable":true,"href":"https:\/\/impactocastex.com.ar\/index.php?rest_route=%2Fwp%2Fv2%2Ftags&post=12432"}],"curies":[{"name":"wp","href":"https:\/\/api.w.org\/{rel}","templated":true}]}}