{"id":1015,"date":"2025-09-16T09:27:10","date_gmt":"2025-09-16T12:27:10","guid":{"rendered":"https:\/\/impactocastex.com.ar\/?p=1015"},"modified":"2025-09-16T09:27:11","modified_gmt":"2025-09-16T12:27:11","slug":"ziliotto-firmo-la-escritura-para-la-facultad-de-ciencias-de-la-salud","status":"publish","type":"post","link":"https:\/\/impactocastex.com.ar\/?p=1015","title":{"rendered":"Ziliotto firm\u00f3 la escritura para la Facultad de Ciencias de la Salud"},"content":{"rendered":"\n<p>El&nbsp;<strong>gobernador Sergio Ziliotto y el rector de la Universidad Nacional de La Pampa (UNLPam), Oscar Alpa,&nbsp;<\/strong>firmaron este lunes la escritura traslativa de dominio del lote donde se construir\u00e1 la Facultad de Ciencias de la Salud.<\/p>\n\n\n\n<p>El terreno, de&nbsp;<strong>m\u00e1s de 8.600 metros cuadrados<\/strong>, se ubica en el coraz\u00f3n del denominado<strong>&nbsp;polo de salud de Santa Rosa, un complejo que integran el hospital de Complejidad Creciente \u201cRen\u00e9 Favaloro\u201d, el exHospital \u201cLucio Molas\u201d y el Centro Radio Oncol\u00f3gico de \u00faltima generaci\u00f3n,<\/strong>&nbsp;pr\u00f3ximo a inaugurarse,&nbsp;que ser\u00e1 referencia para el centro del pa\u00eds y la Patagonia.&nbsp;<\/p>\n\n\n\n<p>La<strong>\u00a0cesi\u00f3n, realizada a t\u00edtulo gratuito por el Estado provincial a la UNLPam<\/strong>, constituye un paso clave para consolidar un espacio donde la formaci\u00f3n acad\u00e9mica, la investigaci\u00f3n y la atenci\u00f3n m\u00e9dica de alta complejidad convivan en un mismo entorno.<\/p>\n\n\n\n<p>\u201cEste es un d\u00eda trascendente para La Pampa.&nbsp;<strong>Estamos uniendo la educaci\u00f3n p\u00fablica con el sistema de salud, para formar profesionales que se quedar\u00e1n en nuestra provincia&nbsp;<\/strong>y atender\u00e1n a nuestra gente\u201d, expres\u00f3 Ziliotto.<\/p>\n\n\n\n<p>\u201cEl&nbsp;<strong>proyecto de la Facultad de Ciencias de la Salud se enmarca en un plan integral&nbsp; que busca transformar el \u00e1rea en un campus sanitario de referencia nacional.<\/strong>&nbsp;La cercan\u00eda f\u00edsica entre hospitales, centros de diagn\u00f3stico y la futura sede acad\u00e9mica permitir\u00e1 que los estudiantes realicen pr\u00e1cticas profesionales en un entorno real, con acceso a tecnolog\u00eda de \u00faltima generaci\u00f3n y bajo la supervisi\u00f3n de especialistas\u201d, se inform\u00f3.<\/p>\n\n\n\n<p>El hospital Ren\u00e9 Favaloro, concebido como hospital escuela, aportar\u00e1 su infraestructura de alta complejidad; el exhospital Lucio Molas se refuncionaliza para especialidades espec\u00edficas; y el Centro de Radioterapia, equipado con equipos de \u00faltima generaci\u00f3n&nbsp; y sistemas de planificaci\u00f3n de vanguardia, brindar\u00e1 servicios oncol\u00f3gicos a pacientes de toda la regi\u00f3n.<\/p>\n\n\n\n<p>La escritura firmada formaliza un proceso iniciado meses atr\u00e1s con la aprobaci\u00f3n legislativa de la cesi\u00f3n gratuita del inmueble, identificado catastralmente como&nbsp;<strong>Ejido 047, Circunscripci\u00f3n I, Radio \u201ch\u201d, Quinta 5, Parcela 5.<\/strong><\/p>\n\n\n\n<figure class=\"wp-block-image\"><img decoding=\"async\" src=\"https:\/\/diariotextual.com\/inicio\/wp-content\/uploads\/2025\/09\/ziliottoalpasept2025.jpg\" alt=\"\" class=\"wp-image-307362\" \/><\/figure>\n\n\n\n<p>El dise\u00f1o de la nueva sede universitaria priorizar\u00e1&nbsp;<strong>criterios de sustentabilidad, accesibilidad y funcionalidad, con espacios para aulas, laboratorios, \u00e1reas de simulaci\u00f3n cl\u00ednica y oficinas administrativas<\/strong>. La construcci\u00f3n se realizar\u00e1 en etapas, con el objetivo de iniciar actividades acad\u00e9micas en el menor plazo posible.<\/p>\n\n\n\n<p><strong>Formaci\u00f3n y retenci\u00f3n de profesionales<\/strong><\/p>\n\n\n\n<p>Uno de los objetivos centrales de la creaci\u00f3n de la Facultad es formar profesionales de la salud en la propia provincia,&nbsp;<strong>reduciendo la dependencia de universidades de otras jurisdicciones y favoreciendo la radicaci\u00f3n de especialistas en localidades pampeanas.<\/strong><\/p>\n\n\n\n<p>La articulaci\u00f3n entre la UNLPam y el sistema de salud p\u00fablico tambi\u00e9n potenciar\u00e1 la investigaci\u00f3n aplicada, el desarrollo de protocolos innovadores y la capacitaci\u00f3n continua del personal sanitario.<\/p>\n\n\n\n<p>\u00abCon la puesta en marcha de este proyecto,&nbsp;<strong>Santa Rosa se posicionar\u00e1 como un centro de referencia en formaci\u00f3n y atenci\u00f3n m\u00e9dica para el centro y sur del pa\u00eds<\/strong>. El polo de salud -se agreg\u00f3- no solo beneficiar\u00e1 a los estudiantes y profesionales, sino que tambi\u00e9n impactar\u00e1 directamente en la calidad de vida de miles de pampeanos y habitantes de provincias vecinas\u00bb.<\/p>\n\n\n\n<p>diariotextual<\/p>\n","protected":false},"excerpt":{"rendered":"<p>El&nbsp;gobernador Sergio Ziliotto y el rector de la Universidad Nacional de La Pampa (UNLPam), Oscar&#8230;<\/p>\n","protected":false},"author":2,"featured_media":1016,"comment_status":"closed","ping_status":"closed","sticky":false,"template":"","format":"standard","meta":{"_jetpack_memberships_contains_paid_content":false,"footnotes":"","jetpack_publicize_message":"","jetpack_publicize_feature_enabled":true,"jetpack_social_post_already_shared":true,"jetpack_social_options":{"image_generator_settings":{"template":"highway","default_image_id":0,"font":"","enabled":false},"version":2}},"categories":[83,122],"tags":[],"class_list":["post-1015","post","type-post","status-publish","format-standard","has-post-thumbnail","hentry","category-la-pampa","category-politica"],"yoast_head":"<!-- This site is optimized with the Yoast SEO plugin v27.4 - https:\/\/yoast.com\/product\/yoast-seo-wordpress\/ -->\n<title>Ziliotto firm\u00f3 la escritura para la Facultad de Ciencias de la Salud -<\/title>\n<meta name=\"robots\" content=\"index, follow, max-snippet:-1, max-image-preview:large, max-video-preview:-1\" \/>\n<link rel=\"canonical\" href=\"https:\/\/impactocastex.com.ar\/?p=1015\" \/>\n<meta property=\"og:locale\" content=\"es_ES\" \/>\n<meta property=\"og:type\" content=\"article\" \/>\n<meta property=\"og:title\" content=\"Ziliotto firm\u00f3 la escritura para la Facultad de Ciencias de la Salud -\" \/>\n<meta property=\"og:description\" content=\"El&nbsp;gobernador Sergio Ziliotto y el rector de la Universidad Nacional de La Pampa (UNLPam), Oscar...\" \/>\n<meta property=\"og:url\" content=\"https:\/\/impactocastex.com.ar\/?p=1015\" \/>\n<meta property=\"article:publisher\" content=\"https:\/\/www.facebook.com\/impactocastexdiario\" \/>\n<meta property=\"article:published_time\" content=\"2025-09-16T12:27:10+00:00\" \/>\n<meta property=\"article:modified_time\" content=\"2025-09-16T12:27:11+00:00\" \/>\n<meta property=\"og:image\" content=\"https:\/\/impactocastex.com.ar\/wp-content\/uploads\/2025\/09\/ziliottoalpaseptiembre2025.jpg\" \/>\n\t<meta property=\"og:image:width\" content=\"900\" \/>\n\t<meta property=\"og:image:height\" content=\"555\" \/>\n\t<meta property=\"og:image:type\" content=\"image\/jpeg\" \/>\n<meta name=\"author\" content=\"impactocastex\" \/>\n<meta name=\"twitter:card\" content=\"summary_large_image\" \/>\n<meta name=\"twitter:label1\" content=\"Escrito por\" \/>\n\t<meta name=\"twitter:data1\" content=\"impactocastex\" \/>\n\t<meta name=\"twitter:label2\" content=\"Tiempo de lectura\" \/>\n\t<meta name=\"twitter:data2\" content=\"3 minutos\" \/>\n<script type=\"application\/ld+json\" class=\"yoast-schema-graph\">{\"@context\":\"https:\\\/\\\/schema.org\",\"@graph\":[{\"@type\":\"Article\",\"@id\":\"https:\\\/\\\/impactocastex.com.ar\\\/?p=1015#article\",\"isPartOf\":{\"@id\":\"https:\\\/\\\/impactocastex.com.ar\\\/?p=1015\"},\"author\":{\"name\":\"impactocastex\",\"@id\":\"https:\\\/\\\/impactocastex.com.ar\\\/#\\\/schema\\\/person\\\/c115028fb60f9bf49ce7550894b84ea7\"},\"headline\":\"Ziliotto firm\u00f3 la escritura para la Facultad de Ciencias de la Salud\",\"datePublished\":\"2025-09-16T12:27:10+00:00\",\"dateModified\":\"2025-09-16T12:27:11+00:00\",\"mainEntityOfPage\":{\"@id\":\"https:\\\/\\\/impactocastex.com.ar\\\/?p=1015\"},\"wordCount\":574,\"publisher\":{\"@id\":\"https:\\\/\\\/impactocastex.com.ar\\\/#organization\"},\"image\":{\"@id\":\"https:\\\/\\\/impactocastex.com.ar\\\/?p=1015#primaryimage\"},\"thumbnailUrl\":\"https:\\\/\\\/impactocastex.com.ar\\\/wp-content\\\/uploads\\\/2025\\\/09\\\/ziliottoalpaseptiembre2025.jpg\",\"articleSection\":[\"LA PAMPA\",\"POLITICA\"],\"inLanguage\":\"es\"},{\"@type\":\"WebPage\",\"@id\":\"https:\\\/\\\/impactocastex.com.ar\\\/?p=1015\",\"url\":\"https:\\\/\\\/impactocastex.com.ar\\\/?p=1015\",\"name\":\"Ziliotto firm\u00f3 la escritura para la Facultad de Ciencias de la Salud -\",\"isPartOf\":{\"@id\":\"https:\\\/\\\/impactocastex.com.ar\\\/#website\"},\"primaryImageOfPage\":{\"@id\":\"https:\\\/\\\/impactocastex.com.ar\\\/?p=1015#primaryimage\"},\"image\":{\"@id\":\"https:\\\/\\\/impactocastex.com.ar\\\/?p=1015#primaryimage\"},\"thumbnailUrl\":\"https:\\\/\\\/impactocastex.com.ar\\\/wp-content\\\/uploads\\\/2025\\\/09\\\/ziliottoalpaseptiembre2025.jpg\",\"datePublished\":\"2025-09-16T12:27:10+00:00\",\"dateModified\":\"2025-09-16T12:27:11+00:00\",\"breadcrumb\":{\"@id\":\"https:\\\/\\\/impactocastex.com.ar\\\/?p=1015#breadcrumb\"},\"inLanguage\":\"es\",\"potentialAction\":[{\"@type\":\"ReadAction\",\"target\":[\"https:\\\/\\\/impactocastex.com.ar\\\/?p=1015\"]}]},{\"@type\":\"ImageObject\",\"inLanguage\":\"es\",\"@id\":\"https:\\\/\\\/impactocastex.com.ar\\\/?p=1015#primaryimage\",\"url\":\"https:\\\/\\\/impactocastex.com.ar\\\/wp-content\\\/uploads\\\/2025\\\/09\\\/ziliottoalpaseptiembre2025.jpg\",\"contentUrl\":\"https:\\\/\\\/impactocastex.com.ar\\\/wp-content\\\/uploads\\\/2025\\\/09\\\/ziliottoalpaseptiembre2025.jpg\",\"width\":900,\"height\":555},{\"@type\":\"BreadcrumbList\",\"@id\":\"https:\\\/\\\/impactocastex.com.ar\\\/?p=1015#breadcrumb\",\"itemListElement\":[{\"@type\":\"ListItem\",\"position\":1,\"name\":\"Portada\",\"item\":\"https:\\\/\\\/impactocastex.com.ar\\\/\"},{\"@type\":\"ListItem\",\"position\":2,\"name\":\"Ziliotto firm\u00f3 la escritura para la Facultad de Ciencias de la Salud\"}]},{\"@type\":\"WebSite\",\"@id\":\"https:\\\/\\\/impactocastex.com.ar\\\/#website\",\"url\":\"https:\\\/\\\/impactocastex.com.ar\\\/\",\"name\":\"Impacto Castex\",\"description\":\"\",\"publisher\":{\"@id\":\"https:\\\/\\\/impactocastex.com.ar\\\/#organization\"},\"potentialAction\":[{\"@type\":\"SearchAction\",\"target\":{\"@type\":\"EntryPoint\",\"urlTemplate\":\"https:\\\/\\\/impactocastex.com.ar\\\/?s={search_term_string}\"},\"query-input\":{\"@type\":\"PropertyValueSpecification\",\"valueRequired\":true,\"valueName\":\"search_term_string\"}}],\"inLanguage\":\"es\"},{\"@type\":\"Organization\",\"@id\":\"https:\\\/\\\/impactocastex.com.ar\\\/#organization\",\"name\":\"Impacto Castex\",\"url\":\"https:\\\/\\\/impactocastex.com.ar\\\/\",\"logo\":{\"@type\":\"ImageObject\",\"inLanguage\":\"es\",\"@id\":\"https:\\\/\\\/impactocastex.com.ar\\\/#\\\/schema\\\/logo\\\/image\\\/\",\"url\":\"https:\\\/\\\/impactocastex.com.ar\\\/wp-content\\\/uploads\\\/2025\\\/09\\\/cropped-icoweb.png\",\"contentUrl\":\"https:\\\/\\\/impactocastex.com.ar\\\/wp-content\\\/uploads\\\/2025\\\/09\\\/cropped-icoweb.png\",\"width\":512,\"height\":512,\"caption\":\"Impacto Castex\"},\"image\":{\"@id\":\"https:\\\/\\\/impactocastex.com.ar\\\/#\\\/schema\\\/logo\\\/image\\\/\"},\"sameAs\":[\"https:\\\/\\\/www.facebook.com\\\/impactocastexdiario\",\"https:\\\/\\\/www.instagram.com\\\/impactocastex.com.ar\\\/\"]},{\"@type\":\"Person\",\"@id\":\"https:\\\/\\\/impactocastex.com.ar\\\/#\\\/schema\\\/person\\\/c115028fb60f9bf49ce7550894b84ea7\",\"name\":\"impactocastex\",\"image\":{\"@type\":\"ImageObject\",\"inLanguage\":\"es\",\"@id\":\"https:\\\/\\\/secure.gravatar.com\\\/avatar\\\/fee87e7af008f02e9becdc0b5a9fd4a2e79b3918a571edeacb62211704637833?s=96&d=mm&r=g\",\"url\":\"https:\\\/\\\/secure.gravatar.com\\\/avatar\\\/fee87e7af008f02e9becdc0b5a9fd4a2e79b3918a571edeacb62211704637833?s=96&d=mm&r=g\",\"contentUrl\":\"https:\\\/\\\/secure.gravatar.com\\\/avatar\\\/fee87e7af008f02e9becdc0b5a9fd4a2e79b3918a571edeacb62211704637833?s=96&d=mm&r=g\",\"caption\":\"impactocastex\"},\"sameAs\":[\"https:\\\/\\\/impactocastex.com.ar\\\/\"],\"url\":\"https:\\\/\\\/impactocastex.com.ar\\\/?author=2\"}]}<\/script>\n<!-- \/ Yoast SEO plugin. -->","yoast_head_json":{"title":"Ziliotto firm\u00f3 la escritura para la Facultad de Ciencias de la Salud -","robots":{"index":"index","follow":"follow","max-snippet":"max-snippet:-1","max-image-preview":"max-image-preview:large","max-video-preview":"max-video-preview:-1"},"canonical":"https:\/\/impactocastex.com.ar\/?p=1015","og_locale":"es_ES","og_type":"article","og_title":"Ziliotto firm\u00f3 la escritura para la Facultad de Ciencias de la Salud -","og_description":"El&nbsp;gobernador Sergio Ziliotto y el rector de la Universidad Nacional de La Pampa (UNLPam), Oscar...","og_url":"https:\/\/impactocastex.com.ar\/?p=1015","article_publisher":"https:\/\/www.facebook.com\/impactocastexdiario","article_published_time":"2025-09-16T12:27:10+00:00","article_modified_time":"2025-09-16T12:27:11+00:00","og_image":[{"width":900,"height":555,"url":"https:\/\/impactocastex.com.ar\/wp-content\/uploads\/2025\/09\/ziliottoalpaseptiembre2025.jpg","type":"image\/jpeg"}],"author":"impactocastex","twitter_card":"summary_large_image","twitter_misc":{"Escrito por":"impactocastex","Tiempo de lectura":"3 minutos"},"schema":{"@context":"https:\/\/schema.org","@graph":[{"@type":"Article","@id":"https:\/\/impactocastex.com.ar\/?p=1015#article","isPartOf":{"@id":"https:\/\/impactocastex.com.ar\/?p=1015"},"author":{"name":"impactocastex","@id":"https:\/\/impactocastex.com.ar\/#\/schema\/person\/c115028fb60f9bf49ce7550894b84ea7"},"headline":"Ziliotto firm\u00f3 la escritura para la Facultad de Ciencias de la Salud","datePublished":"2025-09-16T12:27:10+00:00","dateModified":"2025-09-16T12:27:11+00:00","mainEntityOfPage":{"@id":"https:\/\/impactocastex.com.ar\/?p=1015"},"wordCount":574,"publisher":{"@id":"https:\/\/impactocastex.com.ar\/#organization"},"image":{"@id":"https:\/\/impactocastex.com.ar\/?p=1015#primaryimage"},"thumbnailUrl":"https:\/\/impactocastex.com.ar\/wp-content\/uploads\/2025\/09\/ziliottoalpaseptiembre2025.jpg","articleSection":["LA PAMPA","POLITICA"],"inLanguage":"es"},{"@type":"WebPage","@id":"https:\/\/impactocastex.com.ar\/?p=1015","url":"https:\/\/impactocastex.com.ar\/?p=1015","name":"Ziliotto firm\u00f3 la escritura para la Facultad de Ciencias de la Salud -","isPartOf":{"@id":"https:\/\/impactocastex.com.ar\/#website"},"primaryImageOfPage":{"@id":"https:\/\/impactocastex.com.ar\/?p=1015#primaryimage"},"image":{"@id":"https:\/\/impactocastex.com.ar\/?p=1015#primaryimage"},"thumbnailUrl":"https:\/\/impactocastex.com.ar\/wp-content\/uploads\/2025\/09\/ziliottoalpaseptiembre2025.jpg","datePublished":"2025-09-16T12:27:10+00:00","dateModified":"2025-09-16T12:27:11+00:00","breadcrumb":{"@id":"https:\/\/impactocastex.com.ar\/?p=1015#breadcrumb"},"inLanguage":"es","potentialAction":[{"@type":"ReadAction","target":["https:\/\/impactocastex.com.ar\/?p=1015"]}]},{"@type":"ImageObject","inLanguage":"es","@id":"https:\/\/impactocastex.com.ar\/?p=1015#primaryimage","url":"https:\/\/impactocastex.com.ar\/wp-content\/uploads\/2025\/09\/ziliottoalpaseptiembre2025.jpg","contentUrl":"https:\/\/impactocastex.com.ar\/wp-content\/uploads\/2025\/09\/ziliottoalpaseptiembre2025.jpg","width":900,"height":555},{"@type":"BreadcrumbList","@id":"https:\/\/impactocastex.com.ar\/?p=1015#breadcrumb","itemListElement":[{"@type":"ListItem","position":1,"name":"Portada","item":"https:\/\/impactocastex.com.ar\/"},{"@type":"ListItem","position":2,"name":"Ziliotto firm\u00f3 la escritura para la Facultad de Ciencias de la Salud"}]},{"@type":"WebSite","@id":"https:\/\/impactocastex.com.ar\/#website","url":"https:\/\/impactocastex.com.ar\/","name":"Impacto Castex","description":"","publisher":{"@id":"https:\/\/impactocastex.com.ar\/#organization"},"potentialAction":[{"@type":"SearchAction","target":{"@type":"EntryPoint","urlTemplate":"https:\/\/impactocastex.com.ar\/?s={search_term_string}"},"query-input":{"@type":"PropertyValueSpecification","valueRequired":true,"valueName":"search_term_string"}}],"inLanguage":"es"},{"@type":"Organization","@id":"https:\/\/impactocastex.com.ar\/#organization","name":"Impacto Castex","url":"https:\/\/impactocastex.com.ar\/","logo":{"@type":"ImageObject","inLanguage":"es","@id":"https:\/\/impactocastex.com.ar\/#\/schema\/logo\/image\/","url":"https:\/\/impactocastex.com.ar\/wp-content\/uploads\/2025\/09\/cropped-icoweb.png","contentUrl":"https:\/\/impactocastex.com.ar\/wp-content\/uploads\/2025\/09\/cropped-icoweb.png","width":512,"height":512,"caption":"Impacto Castex"},"image":{"@id":"https:\/\/impactocastex.com.ar\/#\/schema\/logo\/image\/"},"sameAs":["https:\/\/www.facebook.com\/impactocastexdiario","https:\/\/www.instagram.com\/impactocastex.com.ar\/"]},{"@type":"Person","@id":"https:\/\/impactocastex.com.ar\/#\/schema\/person\/c115028fb60f9bf49ce7550894b84ea7","name":"impactocastex","image":{"@type":"ImageObject","inLanguage":"es","@id":"https:\/\/secure.gravatar.com\/avatar\/fee87e7af008f02e9becdc0b5a9fd4a2e79b3918a571edeacb62211704637833?s=96&d=mm&r=g","url":"https:\/\/secure.gravatar.com\/avatar\/fee87e7af008f02e9becdc0b5a9fd4a2e79b3918a571edeacb62211704637833?s=96&d=mm&r=g","contentUrl":"https:\/\/secure.gravatar.com\/avatar\/fee87e7af008f02e9becdc0b5a9fd4a2e79b3918a571edeacb62211704637833?s=96&d=mm&r=g","caption":"impactocastex"},"sameAs":["https:\/\/impactocastex.com.ar\/"],"url":"https:\/\/impactocastex.com.ar\/?author=2"}]}},"jetpack_publicize_connections":[],"featured_image_urls":{"full":["https:\/\/impactocastex.com.ar\/wp-content\/uploads\/2025\/09\/ziliottoalpaseptiembre2025.jpg",900,555,false],"thumbnail":["https:\/\/impactocastex.com.ar\/wp-content\/uploads\/2025\/09\/ziliottoalpaseptiembre2025-150x150.jpg",150,150,true],"medium":["https:\/\/impactocastex.com.ar\/wp-content\/uploads\/2025\/09\/ziliottoalpaseptiembre2025-300x185.jpg",300,185,true],"medium_large":["https:\/\/impactocastex.com.ar\/wp-content\/uploads\/2025\/09\/ziliottoalpaseptiembre2025-768x474.jpg",640,395,true],"large":["https:\/\/impactocastex.com.ar\/wp-content\/uploads\/2025\/09\/ziliottoalpaseptiembre2025.jpg",640,395,false],"1536x1536":["https:\/\/impactocastex.com.ar\/wp-content\/uploads\/2025\/09\/ziliottoalpaseptiembre2025.jpg",900,555,false],"2048x2048":["https:\/\/impactocastex.com.ar\/wp-content\/uploads\/2025\/09\/ziliottoalpaseptiembre2025.jpg",900,555,false],"newsever-slider-full":["https:\/\/impactocastex.com.ar\/wp-content\/uploads\/2025\/09\/ziliottoalpaseptiembre2025.jpg",900,555,false],"newsever-featured":["https:\/\/impactocastex.com.ar\/wp-content\/uploads\/2025\/09\/ziliottoalpaseptiembre2025.jpg",900,555,false],"newsever-medium":["https:\/\/impactocastex.com.ar\/wp-content\/uploads\/2025\/09\/ziliottoalpaseptiembre2025-720x475.jpg",720,475,true]},"author_info":{"info":["impactocastex"]},"category_info":"<a href=\"https:\/\/impactocastex.com.ar\/?cat=83\" rel=\"category\">LA PAMPA<\/a> <a href=\"https:\/\/impactocastex.com.ar\/?cat=122\" rel=\"category\">POLITICA<\/a>","tag_info":"POLITICA","comment_count":0,"jetpack_featured_media_url":"https:\/\/impactocastex.com.ar\/wp-content\/uploads\/2025\/09\/ziliottoalpaseptiembre2025.jpg","jetpack_sharing_enabled":true,"jetpack_likes_enabled":true,"jetpack_shortlink":"https:\/\/wp.me\/p7sopA-gn","_links":{"self":[{"href":"https:\/\/impactocastex.com.ar\/index.php?rest_route=\/wp\/v2\/posts\/1015","targetHints":{"allow":["GET"]}}],"collection":[{"href":"https:\/\/impactocastex.com.ar\/index.php?rest_route=\/wp\/v2\/posts"}],"about":[{"href":"https:\/\/impactocastex.com.ar\/index.php?rest_route=\/wp\/v2\/types\/post"}],"author":[{"embeddable":true,"href":"https:\/\/impactocastex.com.ar\/index.php?rest_route=\/wp\/v2\/users\/2"}],"replies":[{"embeddable":true,"href":"https:\/\/impactocastex.com.ar\/index.php?rest_route=%2Fwp%2Fv2%2Fcomments&post=1015"}],"version-history":[{"count":1,"href":"https:\/\/impactocastex.com.ar\/index.php?rest_route=\/wp\/v2\/posts\/1015\/revisions"}],"predecessor-version":[{"id":1017,"href":"https:\/\/impactocastex.com.ar\/index.php?rest_route=\/wp\/v2\/posts\/1015\/revisions\/1017"}],"wp:featuredmedia":[{"embeddable":true,"href":"https:\/\/impactocastex.com.ar\/index.php?rest_route=\/wp\/v2\/media\/1016"}],"wp:attachment":[{"href":"https:\/\/impactocastex.com.ar\/index.php?rest_route=%2Fwp%2Fv2%2Fmedia&parent=1015"}],"wp:term":[{"taxonomy":"category","embeddable":true,"href":"https:\/\/impactocastex.com.ar\/index.php?rest_route=%2Fwp%2Fv2%2Fcategories&post=1015"},{"taxonomy":"post_tag","embeddable":true,"href":"https:\/\/impactocastex.com.ar\/index.php?rest_route=%2Fwp%2Fv2%2Ftags&post=1015"}],"curies":[{"name":"wp","href":"https:\/\/api.w.org\/{rel}","templated":true}]}}